{"id":874,"date":"2022-07-08T19:13:26","date_gmt":"2022-07-08T16:13:26","guid":{"rendered":"https:\/\/www.alavudenmetsastysseura.fi\/?p=874"},"modified":"2022-07-27T18:49:22","modified_gmt":"2022-07-27T15:49:22","slug":"tyovuorolista-harjoitusammuntoihin-2022","status":"publish","type":"post","link":"https:\/\/www.alavudenmetsastysseura.fi\/?p=874","title":{"rendered":"TY\u00d6VUOROLISTA HARJOITUSAMMUNTOIHIN 2022"},"content":{"rendered":"\n<p>Harjoitukset &nbsp;&nbsp;&nbsp;&nbsp;&nbsp;&nbsp;&nbsp;&nbsp;&nbsp;                         ma 18.7.&nbsp;&nbsp;&nbsp;&nbsp;&nbsp;&nbsp;&nbsp;&nbsp;&nbsp;&nbsp;&nbsp;&nbsp;&nbsp;&nbsp;&nbsp;&nbsp;&nbsp;&nbsp;&nbsp;&nbsp;&nbsp;  Ryhm\u00e4 1 <\/p>\n\n\n\n<p>Harjoitukset &nbsp;                                          su 31.7.&nbsp;&nbsp;&nbsp;&nbsp;&nbsp;&nbsp;&nbsp;&nbsp;&nbsp;&nbsp;&nbsp;&nbsp;&nbsp;&nbsp;&nbsp;&nbsp;&nbsp;&nbsp;&nbsp;&nbsp;&nbsp;&nbsp;&nbsp;Ryhm\u00e4 2<\/p>\n\n\n\n<p>Harjoitukset&nbsp;&nbsp;&nbsp;&nbsp;&nbsp;&nbsp;&nbsp;&nbsp;&nbsp;&nbsp;                          pe 5.8.&nbsp;&nbsp;&nbsp;&nbsp;&nbsp;&nbsp;&nbsp;&nbsp;&nbsp;&nbsp;&nbsp;&nbsp;&nbsp;&nbsp;&nbsp;&nbsp;&nbsp;&nbsp;&nbsp;&nbsp;&nbsp;&nbsp;&nbsp;&nbsp;&nbsp;Ryhm\u00e4 3<\/p>\n\n\n\n<p>Harjoitukset&nbsp;&nbsp;&nbsp;&nbsp;&nbsp;&nbsp;&nbsp;&nbsp;&nbsp;&nbsp;                          ke 17.8.&nbsp;&nbsp;&nbsp;&nbsp;&nbsp;&nbsp;&nbsp;&nbsp;&nbsp;&nbsp;&nbsp;&nbsp;&nbsp;&nbsp;&nbsp;&nbsp;&nbsp;&nbsp;&nbsp;&nbsp;&nbsp;&nbsp;   Ryhm\u00e4 4<\/p>\n\n\n\n<p>Harjoitukset&nbsp;&nbsp;&nbsp;&nbsp;&nbsp;&nbsp;&nbsp;&nbsp;&nbsp;&nbsp;                          ke 24.8.&nbsp;&nbsp;&nbsp;&nbsp;&nbsp;&nbsp;&nbsp;&nbsp;&nbsp;&nbsp;&nbsp;&nbsp;&nbsp;&nbsp;&nbsp;&nbsp;&nbsp;&nbsp;&nbsp;&nbsp;&nbsp; &nbsp;Ryhm\u00e4 5<\/p>\n\n\n\n<p>Alavuden mets\u00e4stysseuran &nbsp; su 28.8.&nbsp;&nbsp;&nbsp;&nbsp;&nbsp;&nbsp;&nbsp;&nbsp;&nbsp;&nbsp;&nbsp;&nbsp;&nbsp;&nbsp;&nbsp;&nbsp;&nbsp;&nbsp;&nbsp;&nbsp;&nbsp;&nbsp; Ryhm\u00e4 1                                     mestaruusammunnat<\/p>\n\n\n\n<p>Harjoitukset\u00a0\u00a0\u00a0\u00a0\u00a0\u00a0\u00a0\u00a0\u00a0\u00a0                             ma 5.9.\u00a0\u00a0\u00a0\u00a0\u00a0\u00a0\u00a0\u00a0\u00a0\u00a0\u00a0\u00a0\u00a0\u00a0\u00a0\u00a0\u00a0\u00a0\u00a0\u00a0\u00a0\u00a0\u00a0\u00a0Ryhm\u00e4 2<\/p>\n\n\n\n<p>Harjoitukset\u00a0\u00a0\u00a0\u00a0\u00a0\u00a0\u00a0\u00a0\u00a0\u00a0                             to 15.9.\u00a0\u00a0\u00a0\u00a0\u00a0\u00a0\u00a0\u00a0\u00a0\u00a0\u00a0\u00a0\u00a0\u00a0\u00a0\u00a0\u00a0\u00a0\u00a0\u00a0  \u00a0\u00a0Ryhm\u00e4 3<\/p>\n\n\n\n<p>Harjoitukset\u00a0\u00a0\u00a0\u00a0\u00a0\u00a0\u00a0\u00a0\u00a0\u00a0                               su 25.9.\u00a0\u00a0\u00a0\u00a0\u00a0\u00a0\u00a0\u00a0\u00a0\u00a0\u00a0\u00a0\u00a0\u00a0\u00a0\u00a0\u00a0\u00a0\u00a0\u00a0\u00a0 Ryhm\u00e4 4<\/p>\n\n\n\n<p>Harjoitukset \u00a0\u00a0\u00a0\u00a0\u00a0\u00a0\u00a0\u00a0\u00a0                               su 2.10.\u00a0\u00a0\u00a0\u00a0\u00a0\u00a0\u00a0\u00a0\u00a0\u00a0\u00a0\u00a0\u00a0\u00a0\u00a0\u00a0\u00a0\u00a0\u00a0\u00a0\u00a0\u00a0\u00a0Ryhm\u00e4 5<\/p>\n\n\n\n<p>Harjoitukset\u00a0\u00a0\u00a0\u00a0\u00a0\u00a0\u00a0\u00a0\u00a0                                pe 7.10.\u00a0                    Kohdistus   mets\u00e4styspatruunoille.\u00a0\u00a0\u00a0\u00a0\u00a0\u00a0\u00a0\u00a0\u00a0\u00a0\u00a0\u00a0\u00a0\u00a0\u00a0\u00a0\u00a0\u00a0\u00a0\u00a0\u00a0\u00a0\u00a0\u00a0\u00a0\u00a0\u00a0\u00a0\u00a0\u00a0\u00a0\u00a0\u00a0\u00a0\u00a0\u00a0\u00a0\u00a0<\/p>\n","protected":false},"excerpt":{"rendered":"<p>Harjoitukset &nbsp;&nbsp;&nbsp;&nbsp;&nbsp;&nbsp;&nbsp;&nbsp;&nbsp; ma 18.7.&nbsp;&nbsp;&nbsp;&nbsp;&nbsp;&nbsp;&nbsp;&nbsp;&nbsp;&nbsp;&nbsp;&nbsp;&nbsp;&nbsp;&nbsp;&nbsp;&nbsp;&nbsp;&nbsp;&nbsp;&nbsp; Ryhm\u00e4 1 Harjoitukset &nbsp; su 31.7.&nbsp;&nbsp;&nbsp;&nbsp;&nbsp;&nbsp;&nbsp;&nbsp;&nbsp;&nbsp;&nbsp;&nbsp;&nbsp;&nbsp;&nbsp;&nbsp;&nbsp;&nbsp;&nbsp;&nbsp;&nbsp;&nbsp;&nbsp;Ryhm\u00e4 2 Harjoitukset&nbsp;&nbsp;&nbsp;&nbsp;&nbsp;&nbsp;&nbsp;&nbsp;&nbsp;&nbsp; pe 5.8.&nbsp;&nbsp;&nbsp;&nbsp;&nbsp;&nbsp;&nbsp;&nbsp;&nbsp;&nbsp;&nbsp;&nbsp;&nbsp;&nbsp;&nbsp;&nbsp;&nbsp;&nbsp;&nbsp;&nbsp;&nbsp;&nbsp;&nbsp;&nbsp;&nbsp;Ryhm\u00e4 3 Harjoitukset&nbsp;&nbsp;&nbsp;&nbsp;&nbsp;&nbsp;&nbsp;&nbsp;&nbsp;&nbsp; ke 17.8.&nbsp;&nbsp;&nbsp;&nbsp;&nbsp;&nbsp;&nbsp;&nbsp;&nbsp;&nbsp;&nbsp;&nbsp;&nbsp;&nbsp;&nbsp;&nbsp;&nbsp;&nbsp;&nbsp;&nbsp;&nbsp;&nbsp; Ryhm\u00e4 4 Harjoitukset&nbsp;&nbsp;&nbsp;&nbsp;&nbsp;&nbsp;&nbsp;&nbsp;&nbsp;&nbsp; ke 24.8.&nbsp;&nbsp;&nbsp;&nbsp;&nbsp;&nbsp;&nbsp;&nbsp;&nbsp;&nbsp;&nbsp;&nbsp;&nbsp;&nbsp;&nbsp;&nbsp;&nbsp;&nbsp;&nbsp;&nbsp;&nbsp; &nbsp;Ryhm\u00e4 5 Alavuden mets\u00e4stysseuran &nbsp; su 28.8.&nbsp;&nbsp;&nbsp;&nbsp;&nbsp;&nbsp;&nbsp;&nbsp;&nbsp;&nbsp;&nbsp;&nbsp;&nbsp;&nbsp;&nbsp;&nbsp;&nbsp;&nbsp;&nbsp;&nbsp;&nbsp;&nbsp; Ryhm\u00e4 1 mestaruusammunnat Harjoitukset\u00a0\u00a0\u00a0\u00a0\u00a0\u00a0\u00a0\u00a0\u00a0\u00a0 ma 5.9.\u00a0\u00a0\u00a0\u00a0\u00a0\u00a0\u00a0\u00a0\u00a0\u00a0\u00a0\u00a0\u00a0\u00a0\u00a0\u00a0\u00a0\u00a0\u00a0\u00a0\u00a0\u00a0\u00a0\u00a0Ryhm\u00e4 2 Harjoitukset\u00a0\u00a0\u00a0\u00a0\u00a0\u00a0\u00a0\u00a0\u00a0\u00a0 to 15.9.\u00a0\u00a0\u00a0\u00a0\u00a0\u00a0\u00a0\u00a0\u00a0\u00a0\u00a0\u00a0\u00a0\u00a0\u00a0\u00a0\u00a0\u00a0\u00a0\u00a0 \u00a0\u00a0Ryhm\u00e4 3 Harjoitukset\u00a0\u00a0\u00a0\u00a0\u00a0\u00a0\u00a0\u00a0\u00a0\u00a0 su 25.9.\u00a0\u00a0\u00a0\u00a0\u00a0\u00a0\u00a0\u00a0\u00a0\u00a0\u00a0\u00a0\u00a0\u00a0\u00a0\u00a0\u00a0\u00a0\u00a0\u00a0\u00a0 Ryhm\u00e4 4 Harjoitukset \u00a0\u00a0\u00a0\u00a0\u00a0\u00a0\u00a0\u00a0\u00a0 su 2.10.\u00a0\u00a0\u00a0\u00a0\u00a0\u00a0\u00a0\u00a0\u00a0\u00a0\u00a0\u00a0\u00a0\u00a0\u00a0\u00a0\u00a0\u00a0\u00a0\u00a0\u00a0\u00a0\u00a0Ryhm\u00e4 5 Harjoitukset\u00a0\u00a0\u00a0\u00a0\u00a0\u00a0\u00a0\u00a0\u00a0 pe 7.10.\u00a0 &hellip; <\/p>\n<p class=\"link-more\"><a href=\"https:\/\/www.alavudenmetsastysseura.fi\/?p=874\" class=\"more-link\">Jatka lukemista<span class=\"screen-reader-text\"> &#8221;TY\u00d6VUOROLISTA HARJOITUSAMMUNTOIHIN 2022&#8221;<\/span><\/a><\/p>\n","protected":false},"author":3,"featured_media":0,"comment_status":"closed","ping_status":"open","sticky":false,"template":"","format":"standard","meta":{"footnotes":""},"categories":[1],"tags":[],"class_list":["post-874","post","type-post","status-publish","format-standard","hentry","category-yleinen"],"yoast_head":"<!-- This site is optimized with the Yoast SEO plugin v26.9 - https:\/\/yoast.com\/product\/yoast-seo-wordpress\/ -->\n<title>TY\u00d6VUOROLISTA HARJOITUSAMMUNTOIHIN 2022 - Alavuden Mets\u00e4stysseura<\/title>\n<meta name=\"robots\" content=\"index, follow, max-snippet:-1, max-image-preview:large, max-video-preview:-1\" \/>\n<link rel=\"canonical\" href=\"https:\/\/www.alavudenmetsastysseura.fi\/?p=874\" \/>\n<meta property=\"og:locale\" content=\"fi_FI\" \/>\n<meta property=\"og:type\" content=\"article\" \/>\n<meta property=\"og:title\" content=\"TY\u00d6VUOROLISTA HARJOITUSAMMUNTOIHIN 2022 - Alavuden Mets\u00e4stysseura\" \/>\n<meta property=\"og:description\" content=\"Harjoitukset &nbsp;&nbsp;&nbsp;&nbsp;&nbsp;&nbsp;&nbsp;&nbsp;&nbsp; ma 18.7.&nbsp;&nbsp;&nbsp;&nbsp;&nbsp;&nbsp;&nbsp;&nbsp;&nbsp;&nbsp;&nbsp;&nbsp;&nbsp;&nbsp;&nbsp;&nbsp;&nbsp;&nbsp;&nbsp;&nbsp;&nbsp; Ryhm\u00e4 1 Harjoitukset &nbsp; su 31.7.&nbsp;&nbsp;&nbsp;&nbsp;&nbsp;&nbsp;&nbsp;&nbsp;&nbsp;&nbsp;&nbsp;&nbsp;&nbsp;&nbsp;&nbsp;&nbsp;&nbsp;&nbsp;&nbsp;&nbsp;&nbsp;&nbsp;&nbsp;Ryhm\u00e4 2 Harjoitukset&nbsp;&nbsp;&nbsp;&nbsp;&nbsp;&nbsp;&nbsp;&nbsp;&nbsp;&nbsp; pe 5.8.&nbsp;&nbsp;&nbsp;&nbsp;&nbsp;&nbsp;&nbsp;&nbsp;&nbsp;&nbsp;&nbsp;&nbsp;&nbsp;&nbsp;&nbsp;&nbsp;&nbsp;&nbsp;&nbsp;&nbsp;&nbsp;&nbsp;&nbsp;&nbsp;&nbsp;Ryhm\u00e4 3 Harjoitukset&nbsp;&nbsp;&nbsp;&nbsp;&nbsp;&nbsp;&nbsp;&nbsp;&nbsp;&nbsp; ke 17.8.&nbsp;&nbsp;&nbsp;&nbsp;&nbsp;&nbsp;&nbsp;&nbsp;&nbsp;&nbsp;&nbsp;&nbsp;&nbsp;&nbsp;&nbsp;&nbsp;&nbsp;&nbsp;&nbsp;&nbsp;&nbsp;&nbsp; Ryhm\u00e4 4 Harjoitukset&nbsp;&nbsp;&nbsp;&nbsp;&nbsp;&nbsp;&nbsp;&nbsp;&nbsp;&nbsp; ke 24.8.&nbsp;&nbsp;&nbsp;&nbsp;&nbsp;&nbsp;&nbsp;&nbsp;&nbsp;&nbsp;&nbsp;&nbsp;&nbsp;&nbsp;&nbsp;&nbsp;&nbsp;&nbsp;&nbsp;&nbsp;&nbsp; &nbsp;Ryhm\u00e4 5 Alavuden mets\u00e4stysseuran &nbsp; su 28.8.&nbsp;&nbsp;&nbsp;&nbsp;&nbsp;&nbsp;&nbsp;&nbsp;&nbsp;&nbsp;&nbsp;&nbsp;&nbsp;&nbsp;&nbsp;&nbsp;&nbsp;&nbsp;&nbsp;&nbsp;&nbsp;&nbsp; Ryhm\u00e4 1 mestaruusammunnat Harjoitukset\u00a0\u00a0\u00a0\u00a0\u00a0\u00a0\u00a0\u00a0\u00a0\u00a0 ma 5.9.\u00a0\u00a0\u00a0\u00a0\u00a0\u00a0\u00a0\u00a0\u00a0\u00a0\u00a0\u00a0\u00a0\u00a0\u00a0\u00a0\u00a0\u00a0\u00a0\u00a0\u00a0\u00a0\u00a0\u00a0Ryhm\u00e4 2 Harjoitukset\u00a0\u00a0\u00a0\u00a0\u00a0\u00a0\u00a0\u00a0\u00a0\u00a0 to 15.9.\u00a0\u00a0\u00a0\u00a0\u00a0\u00a0\u00a0\u00a0\u00a0\u00a0\u00a0\u00a0\u00a0\u00a0\u00a0\u00a0\u00a0\u00a0\u00a0\u00a0 \u00a0\u00a0Ryhm\u00e4 3 Harjoitukset\u00a0\u00a0\u00a0\u00a0\u00a0\u00a0\u00a0\u00a0\u00a0\u00a0 su 25.9.\u00a0\u00a0\u00a0\u00a0\u00a0\u00a0\u00a0\u00a0\u00a0\u00a0\u00a0\u00a0\u00a0\u00a0\u00a0\u00a0\u00a0\u00a0\u00a0\u00a0\u00a0 Ryhm\u00e4 4 Harjoitukset \u00a0\u00a0\u00a0\u00a0\u00a0\u00a0\u00a0\u00a0\u00a0 su 2.10.\u00a0\u00a0\u00a0\u00a0\u00a0\u00a0\u00a0\u00a0\u00a0\u00a0\u00a0\u00a0\u00a0\u00a0\u00a0\u00a0\u00a0\u00a0\u00a0\u00a0\u00a0\u00a0\u00a0Ryhm\u00e4 5 Harjoitukset\u00a0\u00a0\u00a0\u00a0\u00a0\u00a0\u00a0\u00a0\u00a0 pe 7.10.\u00a0 &hellip; Jatka lukemista &quot;TY\u00d6VUOROLISTA HARJOITUSAMMUNTOIHIN 2022&quot;\" \/>\n<meta property=\"og:url\" content=\"https:\/\/www.alavudenmetsastysseura.fi\/?p=874\" \/>\n<meta property=\"og:site_name\" content=\"Alavuden Mets\u00e4stysseura\" \/>\n<meta property=\"article:published_time\" content=\"2022-07-08T16:13:26+00:00\" \/>\n<meta property=\"article:modified_time\" content=\"2022-07-27T15:49:22+00:00\" \/>\n<meta name=\"author\" content=\"Mauri Rapo\" \/>\n<meta name=\"twitter:card\" content=\"summary_large_image\" \/>\n<meta name=\"twitter:label1\" content=\"Kirjoittanut\" \/>\n\t<meta name=\"twitter:data1\" content=\"Mauri Rapo\" \/>\n\t<meta name=\"twitter:label2\" content=\"Arvioitu lukuaika\" \/>\n\t<meta name=\"twitter:data2\" content=\"1 minuutti\" \/>\n<script type=\"application\/ld+json\" class=\"yoast-schema-graph\">{\"@context\":\"https:\/\/schema.org\",\"@graph\":[{\"@type\":\"Article\",\"@id\":\"https:\/\/www.alavudenmetsastysseura.fi\/?p=874#article\",\"isPartOf\":{\"@id\":\"https:\/\/www.alavudenmetsastysseura.fi\/?p=874\"},\"author\":{\"name\":\"Mauri Rapo\",\"@id\":\"https:\/\/www.alavudenmetsastysseura.fi\/#\/schema\/person\/8787987f499d877cb588c40939a03af0\"},\"headline\":\"TY\u00d6VUOROLISTA HARJOITUSAMMUNTOIHIN 2022\",\"datePublished\":\"2022-07-08T16:13:26+00:00\",\"dateModified\":\"2022-07-27T15:49:22+00:00\",\"mainEntityOfPage\":{\"@id\":\"https:\/\/www.alavudenmetsastysseura.fi\/?p=874\"},\"wordCount\":217,\"inLanguage\":\"fi\"},{\"@type\":\"WebPage\",\"@id\":\"https:\/\/www.alavudenmetsastysseura.fi\/?p=874\",\"url\":\"https:\/\/www.alavudenmetsastysseura.fi\/?p=874\",\"name\":\"TY\u00d6VUOROLISTA HARJOITUSAMMUNTOIHIN 2022 - Alavuden Mets\u00e4stysseura\",\"isPartOf\":{\"@id\":\"https:\/\/www.alavudenmetsastysseura.fi\/#website\"},\"datePublished\":\"2022-07-08T16:13:26+00:00\",\"dateModified\":\"2022-07-27T15:49:22+00:00\",\"author\":{\"@id\":\"https:\/\/www.alavudenmetsastysseura.fi\/#\/schema\/person\/8787987f499d877cb588c40939a03af0\"},\"breadcrumb\":{\"@id\":\"https:\/\/www.alavudenmetsastysseura.fi\/?p=874#breadcrumb\"},\"inLanguage\":\"fi\",\"potentialAction\":[{\"@type\":\"ReadAction\",\"target\":[\"https:\/\/www.alavudenmetsastysseura.fi\/?p=874\"]}]},{\"@type\":\"BreadcrumbList\",\"@id\":\"https:\/\/www.alavudenmetsastysseura.fi\/?p=874#breadcrumb\",\"itemListElement\":[{\"@type\":\"ListItem\",\"position\":1,\"name\":\"Home\",\"item\":\"https:\/\/www.alavudenmetsastysseura.fi\/\"},{\"@type\":\"ListItem\",\"position\":2,\"name\":\"TY\u00d6VUOROLISTA HARJOITUSAMMUNTOIHIN 2022\"}]},{\"@type\":\"WebSite\",\"@id\":\"https:\/\/www.alavudenmetsastysseura.fi\/#website\",\"url\":\"https:\/\/www.alavudenmetsastysseura.fi\/\",\"name\":\"Alavuden Mets\u00e4stysseura\",\"description\":\"Riistanhoitoa ja mets\u00e4styst\u00e4 vuodesta 1946\",\"potentialAction\":[{\"@type\":\"SearchAction\",\"target\":{\"@type\":\"EntryPoint\",\"urlTemplate\":\"https:\/\/www.alavudenmetsastysseura.fi\/?s={search_term_string}\"},\"query-input\":{\"@type\":\"PropertyValueSpecification\",\"valueRequired\":true,\"valueName\":\"search_term_string\"}}],\"inLanguage\":\"fi\"},{\"@type\":\"Person\",\"@id\":\"https:\/\/www.alavudenmetsastysseura.fi\/#\/schema\/person\/8787987f499d877cb588c40939a03af0\",\"name\":\"Mauri Rapo\",\"image\":{\"@type\":\"ImageObject\",\"inLanguage\":\"fi\",\"@id\":\"https:\/\/www.alavudenmetsastysseura.fi\/#\/schema\/person\/image\/\",\"url\":\"https:\/\/secure.gravatar.com\/avatar\/3db71666fb11bf67cc01492784ff18ee4ba19c17424e23797a5f1921727bb5fe?s=96&d=mm&r=g\",\"contentUrl\":\"https:\/\/secure.gravatar.com\/avatar\/3db71666fb11bf67cc01492784ff18ee4ba19c17424e23797a5f1921727bb5fe?s=96&d=mm&r=g\",\"caption\":\"Mauri Rapo\"},\"url\":\"https:\/\/www.alavudenmetsastysseura.fi\/?author=3\"}]}<\/script>\n<!-- \/ Yoast SEO plugin. -->","yoast_head_json":{"title":"TY\u00d6VUOROLISTA HARJOITUSAMMUNTOIHIN 2022 - Alavuden Mets\u00e4stysseura","robots":{"index":"index","follow":"follow","max-snippet":"max-snippet:-1","max-image-preview":"max-image-preview:large","max-video-preview":"max-video-preview:-1"},"canonical":"https:\/\/www.alavudenmetsastysseura.fi\/?p=874","og_locale":"fi_FI","og_type":"article","og_title":"TY\u00d6VUOROLISTA HARJOITUSAMMUNTOIHIN 2022 - Alavuden Mets\u00e4stysseura","og_description":"Harjoitukset &nbsp;&nbsp;&nbsp;&nbsp;&nbsp;&nbsp;&nbsp;&nbsp;&nbsp; ma 18.7.&nbsp;&nbsp;&nbsp;&nbsp;&nbsp;&nbsp;&nbsp;&nbsp;&nbsp;&nbsp;&nbsp;&nbsp;&nbsp;&nbsp;&nbsp;&nbsp;&nbsp;&nbsp;&nbsp;&nbsp;&nbsp; Ryhm\u00e4 1 Harjoitukset &nbsp; su 31.7.&nbsp;&nbsp;&nbsp;&nbsp;&nbsp;&nbsp;&nbsp;&nbsp;&nbsp;&nbsp;&nbsp;&nbsp;&nbsp;&nbsp;&nbsp;&nbsp;&nbsp;&nbsp;&nbsp;&nbsp;&nbsp;&nbsp;&nbsp;Ryhm\u00e4 2 Harjoitukset&nbsp;&nbsp;&nbsp;&nbsp;&nbsp;&nbsp;&nbsp;&nbsp;&nbsp;&nbsp; pe 5.8.&nbsp;&nbsp;&nbsp;&nbsp;&nbsp;&nbsp;&nbsp;&nbsp;&nbsp;&nbsp;&nbsp;&nbsp;&nbsp;&nbsp;&nbsp;&nbsp;&nbsp;&nbsp;&nbsp;&nbsp;&nbsp;&nbsp;&nbsp;&nbsp;&nbsp;Ryhm\u00e4 3 Harjoitukset&nbsp;&nbsp;&nbsp;&nbsp;&nbsp;&nbsp;&nbsp;&nbsp;&nbsp;&nbsp; ke 17.8.&nbsp;&nbsp;&nbsp;&nbsp;&nbsp;&nbsp;&nbsp;&nbsp;&nbsp;&nbsp;&nbsp;&nbsp;&nbsp;&nbsp;&nbsp;&nbsp;&nbsp;&nbsp;&nbsp;&nbsp;&nbsp;&nbsp; Ryhm\u00e4 4 Harjoitukset&nbsp;&nbsp;&nbsp;&nbsp;&nbsp;&nbsp;&nbsp;&nbsp;&nbsp;&nbsp; ke 24.8.&nbsp;&nbsp;&nbsp;&nbsp;&nbsp;&nbsp;&nbsp;&nbsp;&nbsp;&nbsp;&nbsp;&nbsp;&nbsp;&nbsp;&nbsp;&nbsp;&nbsp;&nbsp;&nbsp;&nbsp;&nbsp; &nbsp;Ryhm\u00e4 5 Alavuden mets\u00e4stysseuran &nbsp; su 28.8.&nbsp;&nbsp;&nbsp;&nbsp;&nbsp;&nbsp;&nbsp;&nbsp;&nbsp;&nbsp;&nbsp;&nbsp;&nbsp;&nbsp;&nbsp;&nbsp;&nbsp;&nbsp;&nbsp;&nbsp;&nbsp;&nbsp; Ryhm\u00e4 1 mestaruusammunnat Harjoitukset\u00a0\u00a0\u00a0\u00a0\u00a0\u00a0\u00a0\u00a0\u00a0\u00a0 ma 5.9.\u00a0\u00a0\u00a0\u00a0\u00a0\u00a0\u00a0\u00a0\u00a0\u00a0\u00a0\u00a0\u00a0\u00a0\u00a0\u00a0\u00a0\u00a0\u00a0\u00a0\u00a0\u00a0\u00a0\u00a0Ryhm\u00e4 2 Harjoitukset\u00a0\u00a0\u00a0\u00a0\u00a0\u00a0\u00a0\u00a0\u00a0\u00a0 to 15.9.\u00a0\u00a0\u00a0\u00a0\u00a0\u00a0\u00a0\u00a0\u00a0\u00a0\u00a0\u00a0\u00a0\u00a0\u00a0\u00a0\u00a0\u00a0\u00a0\u00a0 \u00a0\u00a0Ryhm\u00e4 3 Harjoitukset\u00a0\u00a0\u00a0\u00a0\u00a0\u00a0\u00a0\u00a0\u00a0\u00a0 su 25.9.\u00a0\u00a0\u00a0\u00a0\u00a0\u00a0\u00a0\u00a0\u00a0\u00a0\u00a0\u00a0\u00a0\u00a0\u00a0\u00a0\u00a0\u00a0\u00a0\u00a0\u00a0 Ryhm\u00e4 4 Harjoitukset \u00a0\u00a0\u00a0\u00a0\u00a0\u00a0\u00a0\u00a0\u00a0 su 2.10.\u00a0\u00a0\u00a0\u00a0\u00a0\u00a0\u00a0\u00a0\u00a0\u00a0\u00a0\u00a0\u00a0\u00a0\u00a0\u00a0\u00a0\u00a0\u00a0\u00a0\u00a0\u00a0\u00a0Ryhm\u00e4 5 Harjoitukset\u00a0\u00a0\u00a0\u00a0\u00a0\u00a0\u00a0\u00a0\u00a0 pe 7.10.\u00a0 &hellip; Jatka lukemista \"TY\u00d6VUOROLISTA HARJOITUSAMMUNTOIHIN 2022\"","og_url":"https:\/\/www.alavudenmetsastysseura.fi\/?p=874","og_site_name":"Alavuden Mets\u00e4stysseura","article_published_time":"2022-07-08T16:13:26+00:00","article_modified_time":"2022-07-27T15:49:22+00:00","author":"Mauri Rapo","twitter_card":"summary_large_image","twitter_misc":{"Kirjoittanut":"Mauri Rapo","Arvioitu lukuaika":"1 minuutti"},"schema":{"@context":"https:\/\/schema.org","@graph":[{"@type":"Article","@id":"https:\/\/www.alavudenmetsastysseura.fi\/?p=874#article","isPartOf":{"@id":"https:\/\/www.alavudenmetsastysseura.fi\/?p=874"},"author":{"name":"Mauri Rapo","@id":"https:\/\/www.alavudenmetsastysseura.fi\/#\/schema\/person\/8787987f499d877cb588c40939a03af0"},"headline":"TY\u00d6VUOROLISTA HARJOITUSAMMUNTOIHIN 2022","datePublished":"2022-07-08T16:13:26+00:00","dateModified":"2022-07-27T15:49:22+00:00","mainEntityOfPage":{"@id":"https:\/\/www.alavudenmetsastysseura.fi\/?p=874"},"wordCount":217,"inLanguage":"fi"},{"@type":"WebPage","@id":"https:\/\/www.alavudenmetsastysseura.fi\/?p=874","url":"https:\/\/www.alavudenmetsastysseura.fi\/?p=874","name":"TY\u00d6VUOROLISTA HARJOITUSAMMUNTOIHIN 2022 - Alavuden Mets\u00e4stysseura","isPartOf":{"@id":"https:\/\/www.alavudenmetsastysseura.fi\/#website"},"datePublished":"2022-07-08T16:13:26+00:00","dateModified":"2022-07-27T15:49:22+00:00","author":{"@id":"https:\/\/www.alavudenmetsastysseura.fi\/#\/schema\/person\/8787987f499d877cb588c40939a03af0"},"breadcrumb":{"@id":"https:\/\/www.alavudenmetsastysseura.fi\/?p=874#breadcrumb"},"inLanguage":"fi","potentialAction":[{"@type":"ReadAction","target":["https:\/\/www.alavudenmetsastysseura.fi\/?p=874"]}]},{"@type":"BreadcrumbList","@id":"https:\/\/www.alavudenmetsastysseura.fi\/?p=874#breadcrumb","itemListElement":[{"@type":"ListItem","position":1,"name":"Home","item":"https:\/\/www.alavudenmetsastysseura.fi\/"},{"@type":"ListItem","position":2,"name":"TY\u00d6VUOROLISTA HARJOITUSAMMUNTOIHIN 2022"}]},{"@type":"WebSite","@id":"https:\/\/www.alavudenmetsastysseura.fi\/#website","url":"https:\/\/www.alavudenmetsastysseura.fi\/","name":"Alavuden Mets\u00e4stysseura","description":"Riistanhoitoa ja mets\u00e4styst\u00e4 vuodesta 1946","potentialAction":[{"@type":"SearchAction","target":{"@type":"EntryPoint","urlTemplate":"https:\/\/www.alavudenmetsastysseura.fi\/?s={search_term_string}"},"query-input":{"@type":"PropertyValueSpecification","valueRequired":true,"valueName":"search_term_string"}}],"inLanguage":"fi"},{"@type":"Person","@id":"https:\/\/www.alavudenmetsastysseura.fi\/#\/schema\/person\/8787987f499d877cb588c40939a03af0","name":"Mauri Rapo","image":{"@type":"ImageObject","inLanguage":"fi","@id":"https:\/\/www.alavudenmetsastysseura.fi\/#\/schema\/person\/image\/","url":"https:\/\/secure.gravatar.com\/avatar\/3db71666fb11bf67cc01492784ff18ee4ba19c17424e23797a5f1921727bb5fe?s=96&d=mm&r=g","contentUrl":"https:\/\/secure.gravatar.com\/avatar\/3db71666fb11bf67cc01492784ff18ee4ba19c17424e23797a5f1921727bb5fe?s=96&d=mm&r=g","caption":"Mauri Rapo"},"url":"https:\/\/www.alavudenmetsastysseura.fi\/?author=3"}]}},"_links":{"self":[{"href":"https:\/\/www.alavudenmetsastysseura.fi\/index.php?rest_route=\/wp\/v2\/posts\/874","targetHints":{"allow":["GET"]}}],"collection":[{"href":"https:\/\/www.alavudenmetsastysseura.fi\/index.php?rest_route=\/wp\/v2\/posts"}],"about":[{"href":"https:\/\/www.alavudenmetsastysseura.fi\/index.php?rest_route=\/wp\/v2\/types\/post"}],"author":[{"embeddable":true,"href":"https:\/\/www.alavudenmetsastysseura.fi\/index.php?rest_route=\/wp\/v2\/users\/3"}],"replies":[{"embeddable":true,"href":"https:\/\/www.alavudenmetsastysseura.fi\/index.php?rest_route=%2Fwp%2Fv2%2Fcomments&post=874"}],"version-history":[{"count":8,"href":"https:\/\/www.alavudenmetsastysseura.fi\/index.php?rest_route=\/wp\/v2\/posts\/874\/revisions"}],"predecessor-version":[{"id":901,"href":"https:\/\/www.alavudenmetsastysseura.fi\/index.php?rest_route=\/wp\/v2\/posts\/874\/revisions\/901"}],"wp:attachment":[{"href":"https:\/\/www.alavudenmetsastysseura.fi\/index.php?rest_route=%2Fwp%2Fv2%2Fmedia&parent=874"}],"wp:term":[{"taxonomy":"category","embeddable":true,"href":"https:\/\/www.alavudenmetsastysseura.fi\/index.php?rest_route=%2Fwp%2Fv2%2Fcategories&post=874"},{"taxonomy":"post_tag","embeddable":true,"href":"https:\/\/www.alavudenmetsastysseura.fi\/index.php?rest_route=%2Fwp%2Fv2%2Ftags&post=874"}],"curies":[{"name":"wp","href":"https:\/\/api.w.org\/{rel}","templated":true}]}}