{"id":457,"date":"2020-07-03T22:08:07","date_gmt":"2020-07-03T19:08:07","guid":{"rendered":"https:\/\/www.alavudenmetsastysseura.fi\/?p=457"},"modified":"2020-08-04T03:18:19","modified_gmt":"2020-08-04T00:18:19","slug":"valkohantapeuran-metsastys","status":"publish","type":"post","link":"https:\/\/www.alavudenmetsastysseura.fi\/?p=457","title":{"rendered":"Valkoh\u00e4nt\u00e4peuran mets\u00e4stys kaudella 2020."},"content":{"rendered":"\n<p>Alavuden mets\u00e4stysseura perustaa tulevana jahtikautena erillisen peuraporukan, johon kaikilla  seuran j\u00e4senilla on oikeus liitty\u00e4.  Peraporukan s\u00e4\u00e4nn\u00f6t hyv\u00e4ksyt\u00e4\u00e4n kes\u00e4kokouksessa. Peuraporukkaan liittyv\u00e4lt\u00e4 edellytet\u00e4\u00e4n ampumataidon yll\u00e4pit\u00e4mist\u00e4 ja harjoitusammuntoihin osallistumista. Harjoitusammunnat alkavat 19.7.2020.<\/p>\n\n\n\n<p><strong>Valkoh\u00e4nt\u00e4peuran mets\u00e4styss\u00e4\u00e4nn\u00f6t luettavissa sivuilta<\/strong>. <strong>(J\u00e4senille&#8211;> s\u00e4\u00e4nn\u00f6t)<\/strong><\/p>\n","protected":false},"excerpt":{"rendered":"<p>Alavuden mets\u00e4stysseura perustaa tulevana jahtikautena erillisen peuraporukan, johon kaikilla seuran j\u00e4senilla on oikeus liitty\u00e4. Peraporukan s\u00e4\u00e4nn\u00f6t hyv\u00e4ksyt\u00e4\u00e4n kes\u00e4kokouksessa. Peuraporukkaan liittyv\u00e4lt\u00e4 edellytet\u00e4\u00e4n ampumataidon yll\u00e4pit\u00e4mist\u00e4 ja harjoitusammuntoihin osallistumista. Harjoitusammunnat alkavat 19.7.2020. Valkoh\u00e4nt\u00e4peuran mets\u00e4styss\u00e4\u00e4nn\u00f6t luettavissa sivuilta. (J\u00e4senille&#8211;> s\u00e4\u00e4nn\u00f6t)<\/p>\n","protected":false},"author":3,"featured_media":0,"comment_status":"closed","ping_status":"open","sticky":false,"template":"","format":"standard","meta":{"footnotes":""},"categories":[1],"tags":[],"class_list":["post-457","post","type-post","status-publish","format-standard","hentry","category-yleinen"],"yoast_head":"<!-- This site is optimized with the Yoast SEO plugin v26.9 - https:\/\/yoast.com\/product\/yoast-seo-wordpress\/ -->\n<title>Valkoh\u00e4nt\u00e4peuran mets\u00e4stys kaudella 2020. - Alavuden Mets\u00e4stysseura<\/title>\n<meta name=\"robots\" content=\"index, follow, max-snippet:-1, max-image-preview:large, max-video-preview:-1\" \/>\n<link rel=\"canonical\" href=\"https:\/\/www.alavudenmetsastysseura.fi\/?p=457\" \/>\n<meta property=\"og:locale\" content=\"fi_FI\" \/>\n<meta property=\"og:type\" content=\"article\" \/>\n<meta property=\"og:title\" content=\"Valkoh\u00e4nt\u00e4peuran mets\u00e4stys kaudella 2020. - Alavuden Mets\u00e4stysseura\" \/>\n<meta property=\"og:description\" content=\"Alavuden mets\u00e4stysseura perustaa tulevana jahtikautena erillisen peuraporukan, johon kaikilla seuran j\u00e4senilla on oikeus liitty\u00e4. Peraporukan s\u00e4\u00e4nn\u00f6t hyv\u00e4ksyt\u00e4\u00e4n kes\u00e4kokouksessa. Peuraporukkaan liittyv\u00e4lt\u00e4 edellytet\u00e4\u00e4n ampumataidon yll\u00e4pit\u00e4mist\u00e4 ja harjoitusammuntoihin osallistumista. Harjoitusammunnat alkavat 19.7.2020. Valkoh\u00e4nt\u00e4peuran mets\u00e4styss\u00e4\u00e4nn\u00f6t luettavissa sivuilta. (J\u00e4senille&#8211;&gt; s\u00e4\u00e4nn\u00f6t)\" \/>\n<meta property=\"og:url\" content=\"https:\/\/www.alavudenmetsastysseura.fi\/?p=457\" \/>\n<meta property=\"og:site_name\" content=\"Alavuden Mets\u00e4stysseura\" \/>\n<meta property=\"article:published_time\" content=\"2020-07-03T19:08:07+00:00\" \/>\n<meta property=\"article:modified_time\" content=\"2020-08-04T00:18:19+00:00\" \/>\n<meta name=\"author\" content=\"Mauri Rapo\" \/>\n<meta name=\"twitter:card\" content=\"summary_large_image\" \/>\n<meta name=\"twitter:label1\" content=\"Kirjoittanut\" \/>\n\t<meta name=\"twitter:data1\" content=\"Mauri Rapo\" \/>\n<script type=\"application\/ld+json\" class=\"yoast-schema-graph\">{\"@context\":\"https:\/\/schema.org\",\"@graph\":[{\"@type\":\"Article\",\"@id\":\"https:\/\/www.alavudenmetsastysseura.fi\/?p=457#article\",\"isPartOf\":{\"@id\":\"https:\/\/www.alavudenmetsastysseura.fi\/?p=457\"},\"author\":{\"name\":\"Mauri Rapo\",\"@id\":\"https:\/\/www.alavudenmetsastysseura.fi\/#\/schema\/person\/8787987f499d877cb588c40939a03af0\"},\"headline\":\"Valkoh\u00e4nt\u00e4peuran mets\u00e4stys kaudella 2020.\",\"datePublished\":\"2020-07-03T19:08:07+00:00\",\"dateModified\":\"2020-08-04T00:18:19+00:00\",\"mainEntityOfPage\":{\"@id\":\"https:\/\/www.alavudenmetsastysseura.fi\/?p=457\"},\"wordCount\":59,\"inLanguage\":\"fi\"},{\"@type\":\"WebPage\",\"@id\":\"https:\/\/www.alavudenmetsastysseura.fi\/?p=457\",\"url\":\"https:\/\/www.alavudenmetsastysseura.fi\/?p=457\",\"name\":\"Valkoh\u00e4nt\u00e4peuran mets\u00e4stys kaudella 2020. - Alavuden Mets\u00e4stysseura\",\"isPartOf\":{\"@id\":\"https:\/\/www.alavudenmetsastysseura.fi\/#website\"},\"datePublished\":\"2020-07-03T19:08:07+00:00\",\"dateModified\":\"2020-08-04T00:18:19+00:00\",\"author\":{\"@id\":\"https:\/\/www.alavudenmetsastysseura.fi\/#\/schema\/person\/8787987f499d877cb588c40939a03af0\"},\"breadcrumb\":{\"@id\":\"https:\/\/www.alavudenmetsastysseura.fi\/?p=457#breadcrumb\"},\"inLanguage\":\"fi\",\"potentialAction\":[{\"@type\":\"ReadAction\",\"target\":[\"https:\/\/www.alavudenmetsastysseura.fi\/?p=457\"]}]},{\"@type\":\"BreadcrumbList\",\"@id\":\"https:\/\/www.alavudenmetsastysseura.fi\/?p=457#breadcrumb\",\"itemListElement\":[{\"@type\":\"ListItem\",\"position\":1,\"name\":\"Home\",\"item\":\"https:\/\/www.alavudenmetsastysseura.fi\/\"},{\"@type\":\"ListItem\",\"position\":2,\"name\":\"Valkoh\u00e4nt\u00e4peuran mets\u00e4stys kaudella 2020.\"}]},{\"@type\":\"WebSite\",\"@id\":\"https:\/\/www.alavudenmetsastysseura.fi\/#website\",\"url\":\"https:\/\/www.alavudenmetsastysseura.fi\/\",\"name\":\"Alavuden Mets\u00e4stysseura\",\"description\":\"Riistanhoitoa ja mets\u00e4styst\u00e4 vuodesta 1946\",\"potentialAction\":[{\"@type\":\"SearchAction\",\"target\":{\"@type\":\"EntryPoint\",\"urlTemplate\":\"https:\/\/www.alavudenmetsastysseura.fi\/?s={search_term_string}\"},\"query-input\":{\"@type\":\"PropertyValueSpecification\",\"valueRequired\":true,\"valueName\":\"search_term_string\"}}],\"inLanguage\":\"fi\"},{\"@type\":\"Person\",\"@id\":\"https:\/\/www.alavudenmetsastysseura.fi\/#\/schema\/person\/8787987f499d877cb588c40939a03af0\",\"name\":\"Mauri Rapo\",\"image\":{\"@type\":\"ImageObject\",\"inLanguage\":\"fi\",\"@id\":\"https:\/\/www.alavudenmetsastysseura.fi\/#\/schema\/person\/image\/\",\"url\":\"https:\/\/secure.gravatar.com\/avatar\/3db71666fb11bf67cc01492784ff18ee4ba19c17424e23797a5f1921727bb5fe?s=96&d=mm&r=g\",\"contentUrl\":\"https:\/\/secure.gravatar.com\/avatar\/3db71666fb11bf67cc01492784ff18ee4ba19c17424e23797a5f1921727bb5fe?s=96&d=mm&r=g\",\"caption\":\"Mauri Rapo\"},\"url\":\"https:\/\/www.alavudenmetsastysseura.fi\/?author=3\"}]}<\/script>\n<!-- \/ Yoast SEO plugin. -->","yoast_head_json":{"title":"Valkoh\u00e4nt\u00e4peuran mets\u00e4stys kaudella 2020. - Alavuden Mets\u00e4stysseura","robots":{"index":"index","follow":"follow","max-snippet":"max-snippet:-1","max-image-preview":"max-image-preview:large","max-video-preview":"max-video-preview:-1"},"canonical":"https:\/\/www.alavudenmetsastysseura.fi\/?p=457","og_locale":"fi_FI","og_type":"article","og_title":"Valkoh\u00e4nt\u00e4peuran mets\u00e4stys kaudella 2020. - Alavuden Mets\u00e4stysseura","og_description":"Alavuden mets\u00e4stysseura perustaa tulevana jahtikautena erillisen peuraporukan, johon kaikilla seuran j\u00e4senilla on oikeus liitty\u00e4. Peraporukan s\u00e4\u00e4nn\u00f6t hyv\u00e4ksyt\u00e4\u00e4n kes\u00e4kokouksessa. Peuraporukkaan liittyv\u00e4lt\u00e4 edellytet\u00e4\u00e4n ampumataidon yll\u00e4pit\u00e4mist\u00e4 ja harjoitusammuntoihin osallistumista. Harjoitusammunnat alkavat 19.7.2020. Valkoh\u00e4nt\u00e4peuran mets\u00e4styss\u00e4\u00e4nn\u00f6t luettavissa sivuilta. (J\u00e4senille&#8211;> s\u00e4\u00e4nn\u00f6t)","og_url":"https:\/\/www.alavudenmetsastysseura.fi\/?p=457","og_site_name":"Alavuden Mets\u00e4stysseura","article_published_time":"2020-07-03T19:08:07+00:00","article_modified_time":"2020-08-04T00:18:19+00:00","author":"Mauri Rapo","twitter_card":"summary_large_image","twitter_misc":{"Kirjoittanut":"Mauri Rapo"},"schema":{"@context":"https:\/\/schema.org","@graph":[{"@type":"Article","@id":"https:\/\/www.alavudenmetsastysseura.fi\/?p=457#article","isPartOf":{"@id":"https:\/\/www.alavudenmetsastysseura.fi\/?p=457"},"author":{"name":"Mauri Rapo","@id":"https:\/\/www.alavudenmetsastysseura.fi\/#\/schema\/person\/8787987f499d877cb588c40939a03af0"},"headline":"Valkoh\u00e4nt\u00e4peuran mets\u00e4stys kaudella 2020.","datePublished":"2020-07-03T19:08:07+00:00","dateModified":"2020-08-04T00:18:19+00:00","mainEntityOfPage":{"@id":"https:\/\/www.alavudenmetsastysseura.fi\/?p=457"},"wordCount":59,"inLanguage":"fi"},{"@type":"WebPage","@id":"https:\/\/www.alavudenmetsastysseura.fi\/?p=457","url":"https:\/\/www.alavudenmetsastysseura.fi\/?p=457","name":"Valkoh\u00e4nt\u00e4peuran mets\u00e4stys kaudella 2020. - Alavuden Mets\u00e4stysseura","isPartOf":{"@id":"https:\/\/www.alavudenmetsastysseura.fi\/#website"},"datePublished":"2020-07-03T19:08:07+00:00","dateModified":"2020-08-04T00:18:19+00:00","author":{"@id":"https:\/\/www.alavudenmetsastysseura.fi\/#\/schema\/person\/8787987f499d877cb588c40939a03af0"},"breadcrumb":{"@id":"https:\/\/www.alavudenmetsastysseura.fi\/?p=457#breadcrumb"},"inLanguage":"fi","potentialAction":[{"@type":"ReadAction","target":["https:\/\/www.alavudenmetsastysseura.fi\/?p=457"]}]},{"@type":"BreadcrumbList","@id":"https:\/\/www.alavudenmetsastysseura.fi\/?p=457#breadcrumb","itemListElement":[{"@type":"ListItem","position":1,"name":"Home","item":"https:\/\/www.alavudenmetsastysseura.fi\/"},{"@type":"ListItem","position":2,"name":"Valkoh\u00e4nt\u00e4peuran mets\u00e4stys kaudella 2020."}]},{"@type":"WebSite","@id":"https:\/\/www.alavudenmetsastysseura.fi\/#website","url":"https:\/\/www.alavudenmetsastysseura.fi\/","name":"Alavuden Mets\u00e4stysseura","description":"Riistanhoitoa ja mets\u00e4styst\u00e4 vuodesta 1946","potentialAction":[{"@type":"SearchAction","target":{"@type":"EntryPoint","urlTemplate":"https:\/\/www.alavudenmetsastysseura.fi\/?s={search_term_string}"},"query-input":{"@type":"PropertyValueSpecification","valueRequired":true,"valueName":"search_term_string"}}],"inLanguage":"fi"},{"@type":"Person","@id":"https:\/\/www.alavudenmetsastysseura.fi\/#\/schema\/person\/8787987f499d877cb588c40939a03af0","name":"Mauri Rapo","image":{"@type":"ImageObject","inLanguage":"fi","@id":"https:\/\/www.alavudenmetsastysseura.fi\/#\/schema\/person\/image\/","url":"https:\/\/secure.gravatar.com\/avatar\/3db71666fb11bf67cc01492784ff18ee4ba19c17424e23797a5f1921727bb5fe?s=96&d=mm&r=g","contentUrl":"https:\/\/secure.gravatar.com\/avatar\/3db71666fb11bf67cc01492784ff18ee4ba19c17424e23797a5f1921727bb5fe?s=96&d=mm&r=g","caption":"Mauri Rapo"},"url":"https:\/\/www.alavudenmetsastysseura.fi\/?author=3"}]}},"_links":{"self":[{"href":"https:\/\/www.alavudenmetsastysseura.fi\/index.php?rest_route=\/wp\/v2\/posts\/457","targetHints":{"allow":["GET"]}}],"collection":[{"href":"https:\/\/www.alavudenmetsastysseura.fi\/index.php?rest_route=\/wp\/v2\/posts"}],"about":[{"href":"https:\/\/www.alavudenmetsastysseura.fi\/index.php?rest_route=\/wp\/v2\/types\/post"}],"author":[{"embeddable":true,"href":"https:\/\/www.alavudenmetsastysseura.fi\/index.php?rest_route=\/wp\/v2\/users\/3"}],"replies":[{"embeddable":true,"href":"https:\/\/www.alavudenmetsastysseura.fi\/index.php?rest_route=%2Fwp%2Fv2%2Fcomments&post=457"}],"version-history":[{"count":4,"href":"https:\/\/www.alavudenmetsastysseura.fi\/index.php?rest_route=\/wp\/v2\/posts\/457\/revisions"}],"predecessor-version":[{"id":483,"href":"https:\/\/www.alavudenmetsastysseura.fi\/index.php?rest_route=\/wp\/v2\/posts\/457\/revisions\/483"}],"wp:attachment":[{"href":"https:\/\/www.alavudenmetsastysseura.fi\/index.php?rest_route=%2Fwp%2Fv2%2Fmedia&parent=457"}],"wp:term":[{"taxonomy":"category","embeddable":true,"href":"https:\/\/www.alavudenmetsastysseura.fi\/index.php?rest_route=%2Fwp%2Fv2%2Fcategories&post=457"},{"taxonomy":"post_tag","embeddable":true,"href":"https:\/\/www.alavudenmetsastysseura.fi\/index.php?rest_route=%2Fwp%2Fv2%2Ftags&post=457"}],"curies":[{"name":"wp","href":"https:\/\/api.w.org\/{rel}","templated":true}]}}