{"id":411,"date":"2020-03-01T14:31:20","date_gmt":"2020-03-01T12:31:20","guid":{"rendered":"https:\/\/www.alavudenmetsastysseura.fi\/?p=411"},"modified":"2020-03-01T14:31:21","modified_gmt":"2020-03-01T12:31:21","slug":"koirat-kiinni-1-3-19-8-2020","status":"publish","type":"post","link":"https:\/\/www.alavudenmetsastysseura.fi\/?p=411","title":{"rendered":"Koirat kiinni 1.3.-19.8.2020!"},"content":{"rendered":"\n<p> Mets\u00e4styslain mukainen koirien kiinnipitoaika alkaa sunnunntaina 1.3. Lain mukaan koirat on pidett\u00e4v\u00e4 kytkettyin\u00e4 maaliskuun alusta aina elokuun 19. p\u00e4iv\u00e4\u00e4n asti. Kiinnipitoaika varmistaa rauhan luonnonel\u00e4imille niiden lis\u00e4\u00e4ntymisajan aikana.  Mets\u00e4styslain mukaisena koirien kiinnipitoaikana rauhoittamattoman riistael\u00e4imen mets\u00e4stys on sallittua muulla kuin ajavalla koiralla edellytt\u00e4en, ettei koira h\u00e4iritse rauhoitettuja luonnonel\u00e4imi\u00e4. <\/p>\n","protected":false},"excerpt":{"rendered":"<p>Mets\u00e4styslain mukainen koirien kiinnipitoaika alkaa sunnunntaina 1.3. Lain mukaan koirat on pidett\u00e4v\u00e4 kytkettyin\u00e4 maaliskuun alusta aina elokuun 19. p\u00e4iv\u00e4\u00e4n asti. Kiinnipitoaika varmistaa rauhan luonnonel\u00e4imille niiden lis\u00e4\u00e4ntymisajan aikana. Mets\u00e4styslain mukaisena koirien kiinnipitoaikana rauhoittamattoman riistael\u00e4imen mets\u00e4stys on sallittua muulla kuin ajavalla koiralla edellytt\u00e4en, ettei koira h\u00e4iritse rauhoitettuja luonnonel\u00e4imi\u00e4.<\/p>\n","protected":false},"author":3,"featured_media":0,"comment_status":"closed","ping_status":"open","sticky":false,"template":"","format":"standard","meta":{"footnotes":""},"categories":[1],"tags":[],"class_list":["post-411","post","type-post","status-publish","format-standard","hentry","category-yleinen"],"yoast_head":"<!-- This site is optimized with the Yoast SEO plugin v26.9 - https:\/\/yoast.com\/product\/yoast-seo-wordpress\/ -->\n<title>Koirat kiinni 1.3.-19.8.2020! - Alavuden Mets\u00e4stysseura<\/title>\n<meta name=\"robots\" content=\"index, follow, max-snippet:-1, max-image-preview:large, max-video-preview:-1\" \/>\n<link rel=\"canonical\" href=\"https:\/\/www.alavudenmetsastysseura.fi\/?p=411\" \/>\n<meta property=\"og:locale\" content=\"fi_FI\" \/>\n<meta property=\"og:type\" content=\"article\" \/>\n<meta property=\"og:title\" content=\"Koirat kiinni 1.3.-19.8.2020! - Alavuden Mets\u00e4stysseura\" \/>\n<meta property=\"og:description\" content=\"Mets\u00e4styslain mukainen koirien kiinnipitoaika alkaa sunnunntaina 1.3. Lain mukaan koirat on pidett\u00e4v\u00e4 kytkettyin\u00e4 maaliskuun alusta aina elokuun 19. p\u00e4iv\u00e4\u00e4n asti. Kiinnipitoaika varmistaa rauhan luonnonel\u00e4imille niiden lis\u00e4\u00e4ntymisajan aikana. Mets\u00e4styslain mukaisena koirien kiinnipitoaikana rauhoittamattoman riistael\u00e4imen mets\u00e4stys on sallittua muulla kuin ajavalla koiralla edellytt\u00e4en, ettei koira h\u00e4iritse rauhoitettuja luonnonel\u00e4imi\u00e4.\" \/>\n<meta property=\"og:url\" content=\"https:\/\/www.alavudenmetsastysseura.fi\/?p=411\" \/>\n<meta property=\"og:site_name\" content=\"Alavuden Mets\u00e4stysseura\" \/>\n<meta property=\"article:published_time\" content=\"2020-03-01T12:31:20+00:00\" \/>\n<meta property=\"article:modified_time\" content=\"2020-03-01T12:31:21+00:00\" \/>\n<meta name=\"author\" content=\"Mauri Rapo\" \/>\n<meta name=\"twitter:card\" content=\"summary_large_image\" \/>\n<meta name=\"twitter:label1\" content=\"Kirjoittanut\" \/>\n\t<meta name=\"twitter:data1\" content=\"Mauri Rapo\" \/>\n<script type=\"application\/ld+json\" class=\"yoast-schema-graph\">{\"@context\":\"https:\/\/schema.org\",\"@graph\":[{\"@type\":\"Article\",\"@id\":\"https:\/\/www.alavudenmetsastysseura.fi\/?p=411#article\",\"isPartOf\":{\"@id\":\"https:\/\/www.alavudenmetsastysseura.fi\/?p=411\"},\"author\":{\"name\":\"Mauri Rapo\",\"@id\":\"https:\/\/www.alavudenmetsastysseura.fi\/#\/schema\/person\/8787987f499d877cb588c40939a03af0\"},\"headline\":\"Koirat kiinni 1.3.-19.8.2020!\",\"datePublished\":\"2020-03-01T12:31:20+00:00\",\"dateModified\":\"2020-03-01T12:31:21+00:00\",\"mainEntityOfPage\":{\"@id\":\"https:\/\/www.alavudenmetsastysseura.fi\/?p=411\"},\"wordCount\":59,\"inLanguage\":\"fi\"},{\"@type\":\"WebPage\",\"@id\":\"https:\/\/www.alavudenmetsastysseura.fi\/?p=411\",\"url\":\"https:\/\/www.alavudenmetsastysseura.fi\/?p=411\",\"name\":\"Koirat kiinni 1.3.-19.8.2020! - Alavuden Mets\u00e4stysseura\",\"isPartOf\":{\"@id\":\"https:\/\/www.alavudenmetsastysseura.fi\/#website\"},\"datePublished\":\"2020-03-01T12:31:20+00:00\",\"dateModified\":\"2020-03-01T12:31:21+00:00\",\"author\":{\"@id\":\"https:\/\/www.alavudenmetsastysseura.fi\/#\/schema\/person\/8787987f499d877cb588c40939a03af0\"},\"breadcrumb\":{\"@id\":\"https:\/\/www.alavudenmetsastysseura.fi\/?p=411#breadcrumb\"},\"inLanguage\":\"fi\",\"potentialAction\":[{\"@type\":\"ReadAction\",\"target\":[\"https:\/\/www.alavudenmetsastysseura.fi\/?p=411\"]}]},{\"@type\":\"BreadcrumbList\",\"@id\":\"https:\/\/www.alavudenmetsastysseura.fi\/?p=411#breadcrumb\",\"itemListElement\":[{\"@type\":\"ListItem\",\"position\":1,\"name\":\"Home\",\"item\":\"https:\/\/www.alavudenmetsastysseura.fi\/\"},{\"@type\":\"ListItem\",\"position\":2,\"name\":\"Koirat kiinni 1.3.-19.8.2020!\"}]},{\"@type\":\"WebSite\",\"@id\":\"https:\/\/www.alavudenmetsastysseura.fi\/#website\",\"url\":\"https:\/\/www.alavudenmetsastysseura.fi\/\",\"name\":\"Alavuden Mets\u00e4stysseura\",\"description\":\"Riistanhoitoa ja mets\u00e4styst\u00e4 vuodesta 1946\",\"potentialAction\":[{\"@type\":\"SearchAction\",\"target\":{\"@type\":\"EntryPoint\",\"urlTemplate\":\"https:\/\/www.alavudenmetsastysseura.fi\/?s={search_term_string}\"},\"query-input\":{\"@type\":\"PropertyValueSpecification\",\"valueRequired\":true,\"valueName\":\"search_term_string\"}}],\"inLanguage\":\"fi\"},{\"@type\":\"Person\",\"@id\":\"https:\/\/www.alavudenmetsastysseura.fi\/#\/schema\/person\/8787987f499d877cb588c40939a03af0\",\"name\":\"Mauri Rapo\",\"image\":{\"@type\":\"ImageObject\",\"inLanguage\":\"fi\",\"@id\":\"https:\/\/www.alavudenmetsastysseura.fi\/#\/schema\/person\/image\/\",\"url\":\"https:\/\/secure.gravatar.com\/avatar\/3db71666fb11bf67cc01492784ff18ee4ba19c17424e23797a5f1921727bb5fe?s=96&d=mm&r=g\",\"contentUrl\":\"https:\/\/secure.gravatar.com\/avatar\/3db71666fb11bf67cc01492784ff18ee4ba19c17424e23797a5f1921727bb5fe?s=96&d=mm&r=g\",\"caption\":\"Mauri Rapo\"},\"url\":\"https:\/\/www.alavudenmetsastysseura.fi\/?author=3\"}]}<\/script>\n<!-- \/ Yoast SEO plugin. -->","yoast_head_json":{"title":"Koirat kiinni 1.3.-19.8.2020! - Alavuden Mets\u00e4stysseura","robots":{"index":"index","follow":"follow","max-snippet":"max-snippet:-1","max-image-preview":"max-image-preview:large","max-video-preview":"max-video-preview:-1"},"canonical":"https:\/\/www.alavudenmetsastysseura.fi\/?p=411","og_locale":"fi_FI","og_type":"article","og_title":"Koirat kiinni 1.3.-19.8.2020! - Alavuden Mets\u00e4stysseura","og_description":"Mets\u00e4styslain mukainen koirien kiinnipitoaika alkaa sunnunntaina 1.3. Lain mukaan koirat on pidett\u00e4v\u00e4 kytkettyin\u00e4 maaliskuun alusta aina elokuun 19. p\u00e4iv\u00e4\u00e4n asti. Kiinnipitoaika varmistaa rauhan luonnonel\u00e4imille niiden lis\u00e4\u00e4ntymisajan aikana. Mets\u00e4styslain mukaisena koirien kiinnipitoaikana rauhoittamattoman riistael\u00e4imen mets\u00e4stys on sallittua muulla kuin ajavalla koiralla edellytt\u00e4en, ettei koira h\u00e4iritse rauhoitettuja luonnonel\u00e4imi\u00e4.","og_url":"https:\/\/www.alavudenmetsastysseura.fi\/?p=411","og_site_name":"Alavuden Mets\u00e4stysseura","article_published_time":"2020-03-01T12:31:20+00:00","article_modified_time":"2020-03-01T12:31:21+00:00","author":"Mauri Rapo","twitter_card":"summary_large_image","twitter_misc":{"Kirjoittanut":"Mauri Rapo"},"schema":{"@context":"https:\/\/schema.org","@graph":[{"@type":"Article","@id":"https:\/\/www.alavudenmetsastysseura.fi\/?p=411#article","isPartOf":{"@id":"https:\/\/www.alavudenmetsastysseura.fi\/?p=411"},"author":{"name":"Mauri Rapo","@id":"https:\/\/www.alavudenmetsastysseura.fi\/#\/schema\/person\/8787987f499d877cb588c40939a03af0"},"headline":"Koirat kiinni 1.3.-19.8.2020!","datePublished":"2020-03-01T12:31:20+00:00","dateModified":"2020-03-01T12:31:21+00:00","mainEntityOfPage":{"@id":"https:\/\/www.alavudenmetsastysseura.fi\/?p=411"},"wordCount":59,"inLanguage":"fi"},{"@type":"WebPage","@id":"https:\/\/www.alavudenmetsastysseura.fi\/?p=411","url":"https:\/\/www.alavudenmetsastysseura.fi\/?p=411","name":"Koirat kiinni 1.3.-19.8.2020! - Alavuden Mets\u00e4stysseura","isPartOf":{"@id":"https:\/\/www.alavudenmetsastysseura.fi\/#website"},"datePublished":"2020-03-01T12:31:20+00:00","dateModified":"2020-03-01T12:31:21+00:00","author":{"@id":"https:\/\/www.alavudenmetsastysseura.fi\/#\/schema\/person\/8787987f499d877cb588c40939a03af0"},"breadcrumb":{"@id":"https:\/\/www.alavudenmetsastysseura.fi\/?p=411#breadcrumb"},"inLanguage":"fi","potentialAction":[{"@type":"ReadAction","target":["https:\/\/www.alavudenmetsastysseura.fi\/?p=411"]}]},{"@type":"BreadcrumbList","@id":"https:\/\/www.alavudenmetsastysseura.fi\/?p=411#breadcrumb","itemListElement":[{"@type":"ListItem","position":1,"name":"Home","item":"https:\/\/www.alavudenmetsastysseura.fi\/"},{"@type":"ListItem","position":2,"name":"Koirat kiinni 1.3.-19.8.2020!"}]},{"@type":"WebSite","@id":"https:\/\/www.alavudenmetsastysseura.fi\/#website","url":"https:\/\/www.alavudenmetsastysseura.fi\/","name":"Alavuden Mets\u00e4stysseura","description":"Riistanhoitoa ja mets\u00e4styst\u00e4 vuodesta 1946","potentialAction":[{"@type":"SearchAction","target":{"@type":"EntryPoint","urlTemplate":"https:\/\/www.alavudenmetsastysseura.fi\/?s={search_term_string}"},"query-input":{"@type":"PropertyValueSpecification","valueRequired":true,"valueName":"search_term_string"}}],"inLanguage":"fi"},{"@type":"Person","@id":"https:\/\/www.alavudenmetsastysseura.fi\/#\/schema\/person\/8787987f499d877cb588c40939a03af0","name":"Mauri Rapo","image":{"@type":"ImageObject","inLanguage":"fi","@id":"https:\/\/www.alavudenmetsastysseura.fi\/#\/schema\/person\/image\/","url":"https:\/\/secure.gravatar.com\/avatar\/3db71666fb11bf67cc01492784ff18ee4ba19c17424e23797a5f1921727bb5fe?s=96&d=mm&r=g","contentUrl":"https:\/\/secure.gravatar.com\/avatar\/3db71666fb11bf67cc01492784ff18ee4ba19c17424e23797a5f1921727bb5fe?s=96&d=mm&r=g","caption":"Mauri Rapo"},"url":"https:\/\/www.alavudenmetsastysseura.fi\/?author=3"}]}},"_links":{"self":[{"href":"https:\/\/www.alavudenmetsastysseura.fi\/index.php?rest_route=\/wp\/v2\/posts\/411","targetHints":{"allow":["GET"]}}],"collection":[{"href":"https:\/\/www.alavudenmetsastysseura.fi\/index.php?rest_route=\/wp\/v2\/posts"}],"about":[{"href":"https:\/\/www.alavudenmetsastysseura.fi\/index.php?rest_route=\/wp\/v2\/types\/post"}],"author":[{"embeddable":true,"href":"https:\/\/www.alavudenmetsastysseura.fi\/index.php?rest_route=\/wp\/v2\/users\/3"}],"replies":[{"embeddable":true,"href":"https:\/\/www.alavudenmetsastysseura.fi\/index.php?rest_route=%2Fwp%2Fv2%2Fcomments&post=411"}],"version-history":[{"count":1,"href":"https:\/\/www.alavudenmetsastysseura.fi\/index.php?rest_route=\/wp\/v2\/posts\/411\/revisions"}],"predecessor-version":[{"id":412,"href":"https:\/\/www.alavudenmetsastysseura.fi\/index.php?rest_route=\/wp\/v2\/posts\/411\/revisions\/412"}],"wp:attachment":[{"href":"https:\/\/www.alavudenmetsastysseura.fi\/index.php?rest_route=%2Fwp%2Fv2%2Fmedia&parent=411"}],"wp:term":[{"taxonomy":"category","embeddable":true,"href":"https:\/\/www.alavudenmetsastysseura.fi\/index.php?rest_route=%2Fwp%2Fv2%2Fcategories&post=411"},{"taxonomy":"post_tag","embeddable":true,"href":"https:\/\/www.alavudenmetsastysseura.fi\/index.php?rest_route=%2Fwp%2Fv2%2Ftags&post=411"}],"curies":[{"name":"wp","href":"https:\/\/api.w.org\/{rel}","templated":true}]}}