{"id":1398,"date":"2025-06-15T14:08:31","date_gmt":"2025-06-15T11:08:31","guid":{"rendered":"https:\/\/www.alavudenmetsastysseura.fi\/?p=1398"},"modified":"2025-07-23T14:26:10","modified_gmt":"2025-07-23T11:26:10","slug":"alavuden-metsastysseuran-harjoitusammunnat-alkavat-launtaina-12-7-2024","status":"publish","type":"post","link":"https:\/\/www.alavudenmetsastysseura.fi\/?p=1398","title":{"rendered":"ALAVUDEN METS\u00c4STYSSEURAN HARJOITUSAMMUNNAT ALKAVAT LAUNTAINA 12.7.2024!"},"content":{"rendered":"\n<p>Harjoitusammunnat: Ty\u00f6vuorossa La 12.7.2025 Ryhm\u00e4 2, Su 20.7.2025 Ryhm\u00e4 3, Ti 29.7.2025 Ryhm\u00e4 4, Su 3.8.2025 Ryhm\u00e4 5, Ma 11..8.2025 Ryhm\u00e4 2, La 23.8.2025 Ryhm\u00e4 3, Ma 1.9.2025 Ryhm\u00e4 4, To 11.9.2.2025 Ryhm\u00e4 5, Ti 30.9.2025 ja To 9.10.2025 vet\u00e4j\u00e4t sovitaan my\u00f6hemmin. <strong> Muuta huomioitavaa: Ampumakokeet Alavuden radalla Ke 30.7.2025, La 16.8.2025 ja La 13.9.2025. RHY:n mestaruusammunnat To 4.9.2025 ja Alavuden mets\u00e4stysseuran mestaruusammunnat Su 21.9.2025.<\/strong><\/p>\n\n\n\n<p><\/p>\n\n\n\n<p><\/p>\n\n\n\n<p><\/p>\n","protected":false},"excerpt":{"rendered":"<p>Harjoitusammunnat: Ty\u00f6vuorossa La 12.7.2025 Ryhm\u00e4 2, Su 20.7.2025 Ryhm\u00e4 3, Ti 29.7.2025 Ryhm\u00e4 4, Su 3.8.2025 Ryhm\u00e4 5, Ma 11..8.2025 Ryhm\u00e4 2, La 23.8.2025 Ryhm\u00e4 3, Ma 1.9.2025 Ryhm\u00e4 4, To 11.9.2.2025 Ryhm\u00e4 5, Ti 30.9.2025 ja To 9.10.2025 vet\u00e4j\u00e4t sovitaan my\u00f6hemmin. Muuta huomioitavaa: Ampumakokeet Alavuden radalla Ke 30.7.2025, La 16.8.2025 ja La 13.9.2025. RHY:n &hellip; <\/p>\n<p class=\"link-more\"><a href=\"https:\/\/www.alavudenmetsastysseura.fi\/?p=1398\" class=\"more-link\">Jatka lukemista<span class=\"screen-reader-text\"> &#8221;ALAVUDEN METS\u00c4STYSSEURAN HARJOITUSAMMUNNAT ALKAVAT LAUNTAINA 12.7.2024!&#8221;<\/span><\/a><\/p>\n","protected":false},"author":3,"featured_media":0,"comment_status":"closed","ping_status":"open","sticky":false,"template":"","format":"standard","meta":{"footnotes":""},"categories":[1],"tags":[],"class_list":["post-1398","post","type-post","status-publish","format-standard","hentry","category-yleinen"],"yoast_head":"<!-- This site is optimized with the Yoast SEO plugin v26.9 - https:\/\/yoast.com\/product\/yoast-seo-wordpress\/ -->\n<title>ALAVUDEN METS\u00c4STYSSEURAN HARJOITUSAMMUNNAT ALKAVAT LAUNTAINA 12.7.2024! - Alavuden Mets\u00e4stysseura<\/title>\n<meta name=\"robots\" content=\"index, follow, max-snippet:-1, max-image-preview:large, max-video-preview:-1\" \/>\n<link rel=\"canonical\" href=\"https:\/\/www.alavudenmetsastysseura.fi\/?p=1398\" \/>\n<meta property=\"og:locale\" content=\"fi_FI\" \/>\n<meta property=\"og:type\" content=\"article\" \/>\n<meta property=\"og:title\" content=\"ALAVUDEN METS\u00c4STYSSEURAN HARJOITUSAMMUNNAT ALKAVAT LAUNTAINA 12.7.2024! - Alavuden Mets\u00e4stysseura\" \/>\n<meta property=\"og:description\" content=\"Harjoitusammunnat: Ty\u00f6vuorossa La 12.7.2025 Ryhm\u00e4 2, Su 20.7.2025 Ryhm\u00e4 3, Ti 29.7.2025 Ryhm\u00e4 4, Su 3.8.2025 Ryhm\u00e4 5, Ma 11..8.2025 Ryhm\u00e4 2, La 23.8.2025 Ryhm\u00e4 3, Ma 1.9.2025 Ryhm\u00e4 4, To 11.9.2.2025 Ryhm\u00e4 5, Ti 30.9.2025 ja To 9.10.2025 vet\u00e4j\u00e4t sovitaan my\u00f6hemmin. Muuta huomioitavaa: Ampumakokeet Alavuden radalla Ke 30.7.2025, La 16.8.2025 ja La 13.9.2025. RHY:n &hellip; Jatka lukemista &quot;ALAVUDEN METS\u00c4STYSSEURAN HARJOITUSAMMUNNAT ALKAVAT LAUNTAINA 12.7.2024!&quot;\" \/>\n<meta property=\"og:url\" content=\"https:\/\/www.alavudenmetsastysseura.fi\/?p=1398\" \/>\n<meta property=\"og:site_name\" content=\"Alavuden Mets\u00e4stysseura\" \/>\n<meta property=\"article:published_time\" content=\"2025-06-15T11:08:31+00:00\" \/>\n<meta property=\"article:modified_time\" content=\"2025-07-23T11:26:10+00:00\" \/>\n<meta name=\"author\" content=\"Mauri Rapo\" \/>\n<meta name=\"twitter:card\" content=\"summary_large_image\" \/>\n<meta name=\"twitter:label1\" content=\"Kirjoittanut\" \/>\n\t<meta name=\"twitter:data1\" content=\"Mauri Rapo\" \/>\n\t<meta name=\"twitter:label2\" content=\"Arvioitu lukuaika\" \/>\n\t<meta name=\"twitter:data2\" content=\"1 minuutti\" \/>\n<script type=\"application\/ld+json\" class=\"yoast-schema-graph\">{\"@context\":\"https:\/\/schema.org\",\"@graph\":[{\"@type\":\"Article\",\"@id\":\"https:\/\/www.alavudenmetsastysseura.fi\/?p=1398#article\",\"isPartOf\":{\"@id\":\"https:\/\/www.alavudenmetsastysseura.fi\/?p=1398\"},\"author\":{\"name\":\"Mauri Rapo\",\"@id\":\"https:\/\/www.alavudenmetsastysseura.fi\/#\/schema\/person\/8787987f499d877cb588c40939a03af0\"},\"headline\":\"ALAVUDEN METS\u00c4STYSSEURAN HARJOITUSAMMUNNAT ALKAVAT LAUNTAINA 12.7.2024!\",\"datePublished\":\"2025-06-15T11:08:31+00:00\",\"dateModified\":\"2025-07-23T11:26:10+00:00\",\"mainEntityOfPage\":{\"@id\":\"https:\/\/www.alavudenmetsastysseura.fi\/?p=1398\"},\"wordCount\":53,\"inLanguage\":\"fi\"},{\"@type\":\"WebPage\",\"@id\":\"https:\/\/www.alavudenmetsastysseura.fi\/?p=1398\",\"url\":\"https:\/\/www.alavudenmetsastysseura.fi\/?p=1398\",\"name\":\"ALAVUDEN METS\u00c4STYSSEURAN HARJOITUSAMMUNNAT ALKAVAT LAUNTAINA 12.7.2024! - Alavuden Mets\u00e4stysseura\",\"isPartOf\":{\"@id\":\"https:\/\/www.alavudenmetsastysseura.fi\/#website\"},\"datePublished\":\"2025-06-15T11:08:31+00:00\",\"dateModified\":\"2025-07-23T11:26:10+00:00\",\"author\":{\"@id\":\"https:\/\/www.alavudenmetsastysseura.fi\/#\/schema\/person\/8787987f499d877cb588c40939a03af0\"},\"breadcrumb\":{\"@id\":\"https:\/\/www.alavudenmetsastysseura.fi\/?p=1398#breadcrumb\"},\"inLanguage\":\"fi\",\"potentialAction\":[{\"@type\":\"ReadAction\",\"target\":[\"https:\/\/www.alavudenmetsastysseura.fi\/?p=1398\"]}]},{\"@type\":\"BreadcrumbList\",\"@id\":\"https:\/\/www.alavudenmetsastysseura.fi\/?p=1398#breadcrumb\",\"itemListElement\":[{\"@type\":\"ListItem\",\"position\":1,\"name\":\"Home\",\"item\":\"https:\/\/www.alavudenmetsastysseura.fi\/\"},{\"@type\":\"ListItem\",\"position\":2,\"name\":\"ALAVUDEN METS\u00c4STYSSEURAN HARJOITUSAMMUNNAT ALKAVAT LAUNTAINA 12.7.2024!\"}]},{\"@type\":\"WebSite\",\"@id\":\"https:\/\/www.alavudenmetsastysseura.fi\/#website\",\"url\":\"https:\/\/www.alavudenmetsastysseura.fi\/\",\"name\":\"Alavuden Mets\u00e4stysseura\",\"description\":\"Riistanhoitoa ja mets\u00e4styst\u00e4 vuodesta 1946\",\"potentialAction\":[{\"@type\":\"SearchAction\",\"target\":{\"@type\":\"EntryPoint\",\"urlTemplate\":\"https:\/\/www.alavudenmetsastysseura.fi\/?s={search_term_string}\"},\"query-input\":{\"@type\":\"PropertyValueSpecification\",\"valueRequired\":true,\"valueName\":\"search_term_string\"}}],\"inLanguage\":\"fi\"},{\"@type\":\"Person\",\"@id\":\"https:\/\/www.alavudenmetsastysseura.fi\/#\/schema\/person\/8787987f499d877cb588c40939a03af0\",\"name\":\"Mauri Rapo\",\"image\":{\"@type\":\"ImageObject\",\"inLanguage\":\"fi\",\"@id\":\"https:\/\/www.alavudenmetsastysseura.fi\/#\/schema\/person\/image\/\",\"url\":\"https:\/\/secure.gravatar.com\/avatar\/3db71666fb11bf67cc01492784ff18ee4ba19c17424e23797a5f1921727bb5fe?s=96&d=mm&r=g\",\"contentUrl\":\"https:\/\/secure.gravatar.com\/avatar\/3db71666fb11bf67cc01492784ff18ee4ba19c17424e23797a5f1921727bb5fe?s=96&d=mm&r=g\",\"caption\":\"Mauri Rapo\"},\"url\":\"https:\/\/www.alavudenmetsastysseura.fi\/?author=3\"}]}<\/script>\n<!-- \/ Yoast SEO plugin. -->","yoast_head_json":{"title":"ALAVUDEN METS\u00c4STYSSEURAN HARJOITUSAMMUNNAT ALKAVAT LAUNTAINA 12.7.2024! - Alavuden Mets\u00e4stysseura","robots":{"index":"index","follow":"follow","max-snippet":"max-snippet:-1","max-image-preview":"max-image-preview:large","max-video-preview":"max-video-preview:-1"},"canonical":"https:\/\/www.alavudenmetsastysseura.fi\/?p=1398","og_locale":"fi_FI","og_type":"article","og_title":"ALAVUDEN METS\u00c4STYSSEURAN HARJOITUSAMMUNNAT ALKAVAT LAUNTAINA 12.7.2024! - Alavuden Mets\u00e4stysseura","og_description":"Harjoitusammunnat: Ty\u00f6vuorossa La 12.7.2025 Ryhm\u00e4 2, Su 20.7.2025 Ryhm\u00e4 3, Ti 29.7.2025 Ryhm\u00e4 4, Su 3.8.2025 Ryhm\u00e4 5, Ma 11..8.2025 Ryhm\u00e4 2, La 23.8.2025 Ryhm\u00e4 3, Ma 1.9.2025 Ryhm\u00e4 4, To 11.9.2.2025 Ryhm\u00e4 5, Ti 30.9.2025 ja To 9.10.2025 vet\u00e4j\u00e4t sovitaan my\u00f6hemmin. Muuta huomioitavaa: Ampumakokeet Alavuden radalla Ke 30.7.2025, La 16.8.2025 ja La 13.9.2025. RHY:n &hellip; Jatka lukemista \"ALAVUDEN METS\u00c4STYSSEURAN HARJOITUSAMMUNNAT ALKAVAT LAUNTAINA 12.7.2024!\"","og_url":"https:\/\/www.alavudenmetsastysseura.fi\/?p=1398","og_site_name":"Alavuden Mets\u00e4stysseura","article_published_time":"2025-06-15T11:08:31+00:00","article_modified_time":"2025-07-23T11:26:10+00:00","author":"Mauri Rapo","twitter_card":"summary_large_image","twitter_misc":{"Kirjoittanut":"Mauri Rapo","Arvioitu lukuaika":"1 minuutti"},"schema":{"@context":"https:\/\/schema.org","@graph":[{"@type":"Article","@id":"https:\/\/www.alavudenmetsastysseura.fi\/?p=1398#article","isPartOf":{"@id":"https:\/\/www.alavudenmetsastysseura.fi\/?p=1398"},"author":{"name":"Mauri Rapo","@id":"https:\/\/www.alavudenmetsastysseura.fi\/#\/schema\/person\/8787987f499d877cb588c40939a03af0"},"headline":"ALAVUDEN METS\u00c4STYSSEURAN HARJOITUSAMMUNNAT ALKAVAT LAUNTAINA 12.7.2024!","datePublished":"2025-06-15T11:08:31+00:00","dateModified":"2025-07-23T11:26:10+00:00","mainEntityOfPage":{"@id":"https:\/\/www.alavudenmetsastysseura.fi\/?p=1398"},"wordCount":53,"inLanguage":"fi"},{"@type":"WebPage","@id":"https:\/\/www.alavudenmetsastysseura.fi\/?p=1398","url":"https:\/\/www.alavudenmetsastysseura.fi\/?p=1398","name":"ALAVUDEN METS\u00c4STYSSEURAN HARJOITUSAMMUNNAT ALKAVAT LAUNTAINA 12.7.2024! - Alavuden Mets\u00e4stysseura","isPartOf":{"@id":"https:\/\/www.alavudenmetsastysseura.fi\/#website"},"datePublished":"2025-06-15T11:08:31+00:00","dateModified":"2025-07-23T11:26:10+00:00","author":{"@id":"https:\/\/www.alavudenmetsastysseura.fi\/#\/schema\/person\/8787987f499d877cb588c40939a03af0"},"breadcrumb":{"@id":"https:\/\/www.alavudenmetsastysseura.fi\/?p=1398#breadcrumb"},"inLanguage":"fi","potentialAction":[{"@type":"ReadAction","target":["https:\/\/www.alavudenmetsastysseura.fi\/?p=1398"]}]},{"@type":"BreadcrumbList","@id":"https:\/\/www.alavudenmetsastysseura.fi\/?p=1398#breadcrumb","itemListElement":[{"@type":"ListItem","position":1,"name":"Home","item":"https:\/\/www.alavudenmetsastysseura.fi\/"},{"@type":"ListItem","position":2,"name":"ALAVUDEN METS\u00c4STYSSEURAN HARJOITUSAMMUNNAT ALKAVAT LAUNTAINA 12.7.2024!"}]},{"@type":"WebSite","@id":"https:\/\/www.alavudenmetsastysseura.fi\/#website","url":"https:\/\/www.alavudenmetsastysseura.fi\/","name":"Alavuden Mets\u00e4stysseura","description":"Riistanhoitoa ja mets\u00e4styst\u00e4 vuodesta 1946","potentialAction":[{"@type":"SearchAction","target":{"@type":"EntryPoint","urlTemplate":"https:\/\/www.alavudenmetsastysseura.fi\/?s={search_term_string}"},"query-input":{"@type":"PropertyValueSpecification","valueRequired":true,"valueName":"search_term_string"}}],"inLanguage":"fi"},{"@type":"Person","@id":"https:\/\/www.alavudenmetsastysseura.fi\/#\/schema\/person\/8787987f499d877cb588c40939a03af0","name":"Mauri Rapo","image":{"@type":"ImageObject","inLanguage":"fi","@id":"https:\/\/www.alavudenmetsastysseura.fi\/#\/schema\/person\/image\/","url":"https:\/\/secure.gravatar.com\/avatar\/3db71666fb11bf67cc01492784ff18ee4ba19c17424e23797a5f1921727bb5fe?s=96&d=mm&r=g","contentUrl":"https:\/\/secure.gravatar.com\/avatar\/3db71666fb11bf67cc01492784ff18ee4ba19c17424e23797a5f1921727bb5fe?s=96&d=mm&r=g","caption":"Mauri Rapo"},"url":"https:\/\/www.alavudenmetsastysseura.fi\/?author=3"}]}},"_links":{"self":[{"href":"https:\/\/www.alavudenmetsastysseura.fi\/index.php?rest_route=\/wp\/v2\/posts\/1398","targetHints":{"allow":["GET"]}}],"collection":[{"href":"https:\/\/www.alavudenmetsastysseura.fi\/index.php?rest_route=\/wp\/v2\/posts"}],"about":[{"href":"https:\/\/www.alavudenmetsastysseura.fi\/index.php?rest_route=\/wp\/v2\/types\/post"}],"author":[{"embeddable":true,"href":"https:\/\/www.alavudenmetsastysseura.fi\/index.php?rest_route=\/wp\/v2\/users\/3"}],"replies":[{"embeddable":true,"href":"https:\/\/www.alavudenmetsastysseura.fi\/index.php?rest_route=%2Fwp%2Fv2%2Fcomments&post=1398"}],"version-history":[{"count":3,"href":"https:\/\/www.alavudenmetsastysseura.fi\/index.php?rest_route=\/wp\/v2\/posts\/1398\/revisions"}],"predecessor-version":[{"id":1409,"href":"https:\/\/www.alavudenmetsastysseura.fi\/index.php?rest_route=\/wp\/v2\/posts\/1398\/revisions\/1409"}],"wp:attachment":[{"href":"https:\/\/www.alavudenmetsastysseura.fi\/index.php?rest_route=%2Fwp%2Fv2%2Fmedia&parent=1398"}],"wp:term":[{"taxonomy":"category","embeddable":true,"href":"https:\/\/www.alavudenmetsastysseura.fi\/index.php?rest_route=%2Fwp%2Fv2%2Fcategories&post=1398"},{"taxonomy":"post_tag","embeddable":true,"href":"https:\/\/www.alavudenmetsastysseura.fi\/index.php?rest_route=%2Fwp%2Fv2%2Ftags&post=1398"}],"curies":[{"name":"wp","href":"https:\/\/api.w.org\/{rel}","templated":true}]}}