{"id":1391,"date":"2025-05-09T10:36:11","date_gmt":"2025-05-09T07:36:11","guid":{"rendered":"https:\/\/www.alavudenmetsastysseura.fi\/?p=1391"},"modified":"2025-05-09T10:36:11","modified_gmt":"2025-05-09T07:36:11","slug":"alavuden-metsastysseura-sallii-kevatpukkijahdin-alueellaan-16-5-15-6-2025-valisena-aikana","status":"publish","type":"post","link":"https:\/\/www.alavudenmetsastysseura.fi\/?p=1391","title":{"rendered":"ALAVUDEN METS\u00c4STYSSEURA SALLII KEV\u00c4TPUKKIJAHDIN ALUEELLAAN 16.5.-15.6.2025 V\u00c4LISEN\u00c4 AIKANA!"},"content":{"rendered":"\n<p>SAALISKIINTI\u00d6 ON 3 PIKKUPUKKIA (SARVIRAJOITUS 4 PIIKKI\u00c4 TAI V\u00c4HEMM\u00c4N) <strong>VALTAPUKKIA EI ALUEELTA SAA KAATAA!<\/strong>  SAALIISTA ON L\u00c4HETETT\u00c4V\u00c4 KUVA JOMMALLE KUMMALLE JAHTIP\u00c4\u00c4LLIK\u00d6LLE. JOS AMPUU SUUREMMAN, KUN 4 PIIKKISEN PUKIN SAKKOMAKSU ON 100 \u20ac HIRVIMIESTEN TILILLE. <\/p>\n\n\n\n<p><strong>JAHTIIN MENOSTA ON AINA SOVITTAVA JARIN 0400868755 TAI MATIN 0400475286 KANSSA. MY\u00d6S POISL\u00c4HD\u00d6ST\u00c4 ON AINA ILMOITETTAVA.<\/strong><\/p>\n\n\n\n<p>KYTT\u00c4YSJAHDISSA SAA AMPUA VAIN YHDEN KAURIIN\/METS\u00c4ST\u00c4J\u00c4 VUOROKAUDESSA. KAADOSTA ON ILMOITETTAVA MY\u00d6S SIHTEERILLE KIINTI\u00d6N SEURAAMISTA VARTEN, MUISTAKAA MY\u00d6S LAKIS\u00c4\u00c4TEINEN KAATOILMOITUS OMARIISTAAN.<\/p>\n\n\n\n<p><\/p>\n","protected":false},"excerpt":{"rendered":"<p>SAALISKIINTI\u00d6 ON 3 PIKKUPUKKIA (SARVIRAJOITUS 4 PIIKKI\u00c4 TAI V\u00c4HEMM\u00c4N) VALTAPUKKIA EI ALUEELTA SAA KAATAA! SAALIISTA ON L\u00c4HETETT\u00c4V\u00c4 KUVA JOMMALLE KUMMALLE JAHTIP\u00c4\u00c4LLIK\u00d6LLE. JOS AMPUU SUUREMMAN, KUN 4 PIIKKISEN PUKIN SAKKOMAKSU ON 100 \u20ac HIRVIMIESTEN TILILLE. JAHTIIN MENOSTA ON AINA SOVITTAVA JARIN 0400868755 TAI MATIN 0400475286 KANSSA. MY\u00d6S POISL\u00c4HD\u00d6ST\u00c4 ON AINA ILMOITETTAVA. KYTT\u00c4YSJAHDISSA SAA AMPUA VAIN YHDEN &hellip; <\/p>\n<p class=\"link-more\"><a href=\"https:\/\/www.alavudenmetsastysseura.fi\/?p=1391\" class=\"more-link\">Jatka lukemista<span class=\"screen-reader-text\"> &#8221;ALAVUDEN METS\u00c4STYSSEURA SALLII KEV\u00c4TPUKKIJAHDIN ALUEELLAAN 16.5.-15.6.2025 V\u00c4LISEN\u00c4 AIKANA!&#8221;<\/span><\/a><\/p>\n","protected":false},"author":3,"featured_media":0,"comment_status":"closed","ping_status":"open","sticky":false,"template":"","format":"standard","meta":{"footnotes":""},"categories":[1],"tags":[],"class_list":["post-1391","post","type-post","status-publish","format-standard","hentry","category-yleinen"],"yoast_head":"<!-- This site is optimized with the Yoast SEO plugin v26.9 - https:\/\/yoast.com\/product\/yoast-seo-wordpress\/ -->\n<title>ALAVUDEN METS\u00c4STYSSEURA SALLII KEV\u00c4TPUKKIJAHDIN ALUEELLAAN 16.5.-15.6.2025 V\u00c4LISEN\u00c4 AIKANA! - Alavuden Mets\u00e4stysseura<\/title>\n<meta name=\"robots\" content=\"index, follow, max-snippet:-1, max-image-preview:large, max-video-preview:-1\" \/>\n<link rel=\"canonical\" href=\"https:\/\/www.alavudenmetsastysseura.fi\/?p=1391\" \/>\n<meta property=\"og:locale\" content=\"fi_FI\" \/>\n<meta property=\"og:type\" content=\"article\" \/>\n<meta property=\"og:title\" content=\"ALAVUDEN METS\u00c4STYSSEURA SALLII KEV\u00c4TPUKKIJAHDIN ALUEELLAAN 16.5.-15.6.2025 V\u00c4LISEN\u00c4 AIKANA! - Alavuden Mets\u00e4stysseura\" \/>\n<meta property=\"og:description\" content=\"SAALISKIINTI\u00d6 ON 3 PIKKUPUKKIA (SARVIRAJOITUS 4 PIIKKI\u00c4 TAI V\u00c4HEMM\u00c4N) VALTAPUKKIA EI ALUEELTA SAA KAATAA! SAALIISTA ON L\u00c4HETETT\u00c4V\u00c4 KUVA JOMMALLE KUMMALLE JAHTIP\u00c4\u00c4LLIK\u00d6LLE. JOS AMPUU SUUREMMAN, KUN 4 PIIKKISEN PUKIN SAKKOMAKSU ON 100 \u20ac HIRVIMIESTEN TILILLE. JAHTIIN MENOSTA ON AINA SOVITTAVA JARIN 0400868755 TAI MATIN 0400475286 KANSSA. MY\u00d6S POISL\u00c4HD\u00d6ST\u00c4 ON AINA ILMOITETTAVA. KYTT\u00c4YSJAHDISSA SAA AMPUA VAIN YHDEN &hellip; Jatka lukemista &quot;ALAVUDEN METS\u00c4STYSSEURA SALLII KEV\u00c4TPUKKIJAHDIN ALUEELLAAN 16.5.-15.6.2025 V\u00c4LISEN\u00c4 AIKANA!&quot;\" \/>\n<meta property=\"og:url\" content=\"https:\/\/www.alavudenmetsastysseura.fi\/?p=1391\" \/>\n<meta property=\"og:site_name\" content=\"Alavuden Mets\u00e4stysseura\" \/>\n<meta property=\"article:published_time\" content=\"2025-05-09T07:36:11+00:00\" \/>\n<meta name=\"author\" content=\"Mauri Rapo\" \/>\n<meta name=\"twitter:card\" content=\"summary_large_image\" \/>\n<meta name=\"twitter:label1\" content=\"Kirjoittanut\" \/>\n\t<meta name=\"twitter:data1\" content=\"Mauri Rapo\" \/>\n\t<meta name=\"twitter:label2\" content=\"Arvioitu lukuaika\" \/>\n\t<meta name=\"twitter:data2\" content=\"1 minuutti\" \/>\n<script type=\"application\/ld+json\" class=\"yoast-schema-graph\">{\"@context\":\"https:\/\/schema.org\",\"@graph\":[{\"@type\":\"Article\",\"@id\":\"https:\/\/www.alavudenmetsastysseura.fi\/?p=1391#article\",\"isPartOf\":{\"@id\":\"https:\/\/www.alavudenmetsastysseura.fi\/?p=1391\"},\"author\":{\"name\":\"Mauri Rapo\",\"@id\":\"https:\/\/www.alavudenmetsastysseura.fi\/#\/schema\/person\/8787987f499d877cb588c40939a03af0\"},\"headline\":\"ALAVUDEN METS\u00c4STYSSEURA SALLII KEV\u00c4TPUKKIJAHDIN ALUEELLAAN 16.5.-15.6.2025 V\u00c4LISEN\u00c4 AIKANA!\",\"datePublished\":\"2025-05-09T07:36:11+00:00\",\"mainEntityOfPage\":{\"@id\":\"https:\/\/www.alavudenmetsastysseura.fi\/?p=1391\"},\"wordCount\":91,\"inLanguage\":\"fi\"},{\"@type\":\"WebPage\",\"@id\":\"https:\/\/www.alavudenmetsastysseura.fi\/?p=1391\",\"url\":\"https:\/\/www.alavudenmetsastysseura.fi\/?p=1391\",\"name\":\"ALAVUDEN METS\u00c4STYSSEURA SALLII KEV\u00c4TPUKKIJAHDIN ALUEELLAAN 16.5.-15.6.2025 V\u00c4LISEN\u00c4 AIKANA! - Alavuden Mets\u00e4stysseura\",\"isPartOf\":{\"@id\":\"https:\/\/www.alavudenmetsastysseura.fi\/#website\"},\"datePublished\":\"2025-05-09T07:36:11+00:00\",\"author\":{\"@id\":\"https:\/\/www.alavudenmetsastysseura.fi\/#\/schema\/person\/8787987f499d877cb588c40939a03af0\"},\"breadcrumb\":{\"@id\":\"https:\/\/www.alavudenmetsastysseura.fi\/?p=1391#breadcrumb\"},\"inLanguage\":\"fi\",\"potentialAction\":[{\"@type\":\"ReadAction\",\"target\":[\"https:\/\/www.alavudenmetsastysseura.fi\/?p=1391\"]}]},{\"@type\":\"BreadcrumbList\",\"@id\":\"https:\/\/www.alavudenmetsastysseura.fi\/?p=1391#breadcrumb\",\"itemListElement\":[{\"@type\":\"ListItem\",\"position\":1,\"name\":\"Home\",\"item\":\"https:\/\/www.alavudenmetsastysseura.fi\/\"},{\"@type\":\"ListItem\",\"position\":2,\"name\":\"ALAVUDEN METS\u00c4STYSSEURA SALLII KEV\u00c4TPUKKIJAHDIN ALUEELLAAN 16.5.-15.6.2025 V\u00c4LISEN\u00c4 AIKANA!\"}]},{\"@type\":\"WebSite\",\"@id\":\"https:\/\/www.alavudenmetsastysseura.fi\/#website\",\"url\":\"https:\/\/www.alavudenmetsastysseura.fi\/\",\"name\":\"Alavuden Mets\u00e4stysseura\",\"description\":\"Riistanhoitoa ja mets\u00e4styst\u00e4 vuodesta 1946\",\"potentialAction\":[{\"@type\":\"SearchAction\",\"target\":{\"@type\":\"EntryPoint\",\"urlTemplate\":\"https:\/\/www.alavudenmetsastysseura.fi\/?s={search_term_string}\"},\"query-input\":{\"@type\":\"PropertyValueSpecification\",\"valueRequired\":true,\"valueName\":\"search_term_string\"}}],\"inLanguage\":\"fi\"},{\"@type\":\"Person\",\"@id\":\"https:\/\/www.alavudenmetsastysseura.fi\/#\/schema\/person\/8787987f499d877cb588c40939a03af0\",\"name\":\"Mauri Rapo\",\"image\":{\"@type\":\"ImageObject\",\"inLanguage\":\"fi\",\"@id\":\"https:\/\/www.alavudenmetsastysseura.fi\/#\/schema\/person\/image\/\",\"url\":\"https:\/\/secure.gravatar.com\/avatar\/3db71666fb11bf67cc01492784ff18ee4ba19c17424e23797a5f1921727bb5fe?s=96&d=mm&r=g\",\"contentUrl\":\"https:\/\/secure.gravatar.com\/avatar\/3db71666fb11bf67cc01492784ff18ee4ba19c17424e23797a5f1921727bb5fe?s=96&d=mm&r=g\",\"caption\":\"Mauri Rapo\"},\"url\":\"https:\/\/www.alavudenmetsastysseura.fi\/?author=3\"}]}<\/script>\n<!-- \/ Yoast SEO plugin. -->","yoast_head_json":{"title":"ALAVUDEN METS\u00c4STYSSEURA SALLII KEV\u00c4TPUKKIJAHDIN ALUEELLAAN 16.5.-15.6.2025 V\u00c4LISEN\u00c4 AIKANA! - Alavuden Mets\u00e4stysseura","robots":{"index":"index","follow":"follow","max-snippet":"max-snippet:-1","max-image-preview":"max-image-preview:large","max-video-preview":"max-video-preview:-1"},"canonical":"https:\/\/www.alavudenmetsastysseura.fi\/?p=1391","og_locale":"fi_FI","og_type":"article","og_title":"ALAVUDEN METS\u00c4STYSSEURA SALLII KEV\u00c4TPUKKIJAHDIN ALUEELLAAN 16.5.-15.6.2025 V\u00c4LISEN\u00c4 AIKANA! - Alavuden Mets\u00e4stysseura","og_description":"SAALISKIINTI\u00d6 ON 3 PIKKUPUKKIA (SARVIRAJOITUS 4 PIIKKI\u00c4 TAI V\u00c4HEMM\u00c4N) VALTAPUKKIA EI ALUEELTA SAA KAATAA! SAALIISTA ON L\u00c4HETETT\u00c4V\u00c4 KUVA JOMMALLE KUMMALLE JAHTIP\u00c4\u00c4LLIK\u00d6LLE. JOS AMPUU SUUREMMAN, KUN 4 PIIKKISEN PUKIN SAKKOMAKSU ON 100 \u20ac HIRVIMIESTEN TILILLE. JAHTIIN MENOSTA ON AINA SOVITTAVA JARIN 0400868755 TAI MATIN 0400475286 KANSSA. MY\u00d6S POISL\u00c4HD\u00d6ST\u00c4 ON AINA ILMOITETTAVA. KYTT\u00c4YSJAHDISSA SAA AMPUA VAIN YHDEN &hellip; Jatka lukemista \"ALAVUDEN METS\u00c4STYSSEURA SALLII KEV\u00c4TPUKKIJAHDIN ALUEELLAAN 16.5.-15.6.2025 V\u00c4LISEN\u00c4 AIKANA!\"","og_url":"https:\/\/www.alavudenmetsastysseura.fi\/?p=1391","og_site_name":"Alavuden Mets\u00e4stysseura","article_published_time":"2025-05-09T07:36:11+00:00","author":"Mauri Rapo","twitter_card":"summary_large_image","twitter_misc":{"Kirjoittanut":"Mauri Rapo","Arvioitu lukuaika":"1 minuutti"},"schema":{"@context":"https:\/\/schema.org","@graph":[{"@type":"Article","@id":"https:\/\/www.alavudenmetsastysseura.fi\/?p=1391#article","isPartOf":{"@id":"https:\/\/www.alavudenmetsastysseura.fi\/?p=1391"},"author":{"name":"Mauri Rapo","@id":"https:\/\/www.alavudenmetsastysseura.fi\/#\/schema\/person\/8787987f499d877cb588c40939a03af0"},"headline":"ALAVUDEN METS\u00c4STYSSEURA SALLII KEV\u00c4TPUKKIJAHDIN ALUEELLAAN 16.5.-15.6.2025 V\u00c4LISEN\u00c4 AIKANA!","datePublished":"2025-05-09T07:36:11+00:00","mainEntityOfPage":{"@id":"https:\/\/www.alavudenmetsastysseura.fi\/?p=1391"},"wordCount":91,"inLanguage":"fi"},{"@type":"WebPage","@id":"https:\/\/www.alavudenmetsastysseura.fi\/?p=1391","url":"https:\/\/www.alavudenmetsastysseura.fi\/?p=1391","name":"ALAVUDEN METS\u00c4STYSSEURA SALLII KEV\u00c4TPUKKIJAHDIN ALUEELLAAN 16.5.-15.6.2025 V\u00c4LISEN\u00c4 AIKANA! - Alavuden Mets\u00e4stysseura","isPartOf":{"@id":"https:\/\/www.alavudenmetsastysseura.fi\/#website"},"datePublished":"2025-05-09T07:36:11+00:00","author":{"@id":"https:\/\/www.alavudenmetsastysseura.fi\/#\/schema\/person\/8787987f499d877cb588c40939a03af0"},"breadcrumb":{"@id":"https:\/\/www.alavudenmetsastysseura.fi\/?p=1391#breadcrumb"},"inLanguage":"fi","potentialAction":[{"@type":"ReadAction","target":["https:\/\/www.alavudenmetsastysseura.fi\/?p=1391"]}]},{"@type":"BreadcrumbList","@id":"https:\/\/www.alavudenmetsastysseura.fi\/?p=1391#breadcrumb","itemListElement":[{"@type":"ListItem","position":1,"name":"Home","item":"https:\/\/www.alavudenmetsastysseura.fi\/"},{"@type":"ListItem","position":2,"name":"ALAVUDEN METS\u00c4STYSSEURA SALLII KEV\u00c4TPUKKIJAHDIN ALUEELLAAN 16.5.-15.6.2025 V\u00c4LISEN\u00c4 AIKANA!"}]},{"@type":"WebSite","@id":"https:\/\/www.alavudenmetsastysseura.fi\/#website","url":"https:\/\/www.alavudenmetsastysseura.fi\/","name":"Alavuden Mets\u00e4stysseura","description":"Riistanhoitoa ja mets\u00e4styst\u00e4 vuodesta 1946","potentialAction":[{"@type":"SearchAction","target":{"@type":"EntryPoint","urlTemplate":"https:\/\/www.alavudenmetsastysseura.fi\/?s={search_term_string}"},"query-input":{"@type":"PropertyValueSpecification","valueRequired":true,"valueName":"search_term_string"}}],"inLanguage":"fi"},{"@type":"Person","@id":"https:\/\/www.alavudenmetsastysseura.fi\/#\/schema\/person\/8787987f499d877cb588c40939a03af0","name":"Mauri Rapo","image":{"@type":"ImageObject","inLanguage":"fi","@id":"https:\/\/www.alavudenmetsastysseura.fi\/#\/schema\/person\/image\/","url":"https:\/\/secure.gravatar.com\/avatar\/3db71666fb11bf67cc01492784ff18ee4ba19c17424e23797a5f1921727bb5fe?s=96&d=mm&r=g","contentUrl":"https:\/\/secure.gravatar.com\/avatar\/3db71666fb11bf67cc01492784ff18ee4ba19c17424e23797a5f1921727bb5fe?s=96&d=mm&r=g","caption":"Mauri Rapo"},"url":"https:\/\/www.alavudenmetsastysseura.fi\/?author=3"}]}},"_links":{"self":[{"href":"https:\/\/www.alavudenmetsastysseura.fi\/index.php?rest_route=\/wp\/v2\/posts\/1391","targetHints":{"allow":["GET"]}}],"collection":[{"href":"https:\/\/www.alavudenmetsastysseura.fi\/index.php?rest_route=\/wp\/v2\/posts"}],"about":[{"href":"https:\/\/www.alavudenmetsastysseura.fi\/index.php?rest_route=\/wp\/v2\/types\/post"}],"author":[{"embeddable":true,"href":"https:\/\/www.alavudenmetsastysseura.fi\/index.php?rest_route=\/wp\/v2\/users\/3"}],"replies":[{"embeddable":true,"href":"https:\/\/www.alavudenmetsastysseura.fi\/index.php?rest_route=%2Fwp%2Fv2%2Fcomments&post=1391"}],"version-history":[{"count":1,"href":"https:\/\/www.alavudenmetsastysseura.fi\/index.php?rest_route=\/wp\/v2\/posts\/1391\/revisions"}],"predecessor-version":[{"id":1392,"href":"https:\/\/www.alavudenmetsastysseura.fi\/index.php?rest_route=\/wp\/v2\/posts\/1391\/revisions\/1392"}],"wp:attachment":[{"href":"https:\/\/www.alavudenmetsastysseura.fi\/index.php?rest_route=%2Fwp%2Fv2%2Fmedia&parent=1391"}],"wp:term":[{"taxonomy":"category","embeddable":true,"href":"https:\/\/www.alavudenmetsastysseura.fi\/index.php?rest_route=%2Fwp%2Fv2%2Fcategories&post=1391"},{"taxonomy":"post_tag","embeddable":true,"href":"https:\/\/www.alavudenmetsastysseura.fi\/index.php?rest_route=%2Fwp%2Fv2%2Ftags&post=1391"}],"curies":[{"name":"wp","href":"https:\/\/api.w.org\/{rel}","templated":true}]}}