{"id":1145,"date":"2023-08-31T11:26:20","date_gmt":"2023-08-31T08:26:20","guid":{"rendered":"https:\/\/www.alavudenmetsastysseura.fi\/?p=1145"},"modified":"2023-08-31T11:27:44","modified_gmt":"2023-08-31T08:27:44","slug":"metsastys-1-9-2023","status":"publish","type":"post","link":"https:\/\/www.alavudenmetsastysseura.fi\/?p=1145","title":{"rendered":"Mets\u00e4stys 1.9.2023"},"content":{"rendered":"\n<p><strong>Perjantaina 1.9.2023 alkaa mets\u00e4kauriin mets\u00e4stys vahtimalla.                                                          <\/strong>                                              <strong>Huomioi, ett\u00e4 mets\u00e4kauriin mets\u00e4stys ajavalla koiralla on sallittu vasta 30.9.2023.<\/strong>      <strong>My\u00f6s mets\u00e4j\u00e4nikesen ja  rusakon mets\u00e4stys alkaa Perjantaina 1.9.2023.<\/strong>                                            <strong>Valkoh\u00e4nt\u00e4peuran mets\u00e4stys vahtimalla Suomen riistakeskuksen my\u00f6nt\u00e4m\u00e4ll\u00e4 luvalla alkaa 1.9.2023.<\/strong><\/p>\n","protected":false},"excerpt":{"rendered":"<p>Perjantaina 1.9.2023 alkaa mets\u00e4kauriin mets\u00e4stys vahtimalla. Huomioi, ett\u00e4 mets\u00e4kauriin mets\u00e4stys ajavalla koiralla on sallittu vasta 30.9.2023. My\u00f6s mets\u00e4j\u00e4nikesen ja rusakon mets\u00e4stys alkaa Perjantaina 1.9.2023. Valkoh\u00e4nt\u00e4peuran mets\u00e4stys vahtimalla Suomen riistakeskuksen my\u00f6nt\u00e4m\u00e4ll\u00e4 luvalla alkaa 1.9.2023.<\/p>\n","protected":false},"author":3,"featured_media":0,"comment_status":"closed","ping_status":"open","sticky":false,"template":"","format":"standard","meta":{"footnotes":""},"categories":[1],"tags":[],"class_list":["post-1145","post","type-post","status-publish","format-standard","hentry","category-yleinen"],"yoast_head":"<!-- This site is optimized with the Yoast SEO plugin v26.9 - https:\/\/yoast.com\/product\/yoast-seo-wordpress\/ -->\n<title>Mets\u00e4stys 1.9.2023 - Alavuden Mets\u00e4stysseura<\/title>\n<meta name=\"robots\" content=\"index, follow, max-snippet:-1, max-image-preview:large, max-video-preview:-1\" \/>\n<link rel=\"canonical\" href=\"https:\/\/www.alavudenmetsastysseura.fi\/?p=1145\" \/>\n<meta property=\"og:locale\" content=\"fi_FI\" \/>\n<meta property=\"og:type\" content=\"article\" \/>\n<meta property=\"og:title\" content=\"Mets\u00e4stys 1.9.2023 - Alavuden Mets\u00e4stysseura\" \/>\n<meta property=\"og:description\" content=\"Perjantaina 1.9.2023 alkaa mets\u00e4kauriin mets\u00e4stys vahtimalla. Huomioi, ett\u00e4 mets\u00e4kauriin mets\u00e4stys ajavalla koiralla on sallittu vasta 30.9.2023. My\u00f6s mets\u00e4j\u00e4nikesen ja rusakon mets\u00e4stys alkaa Perjantaina 1.9.2023. Valkoh\u00e4nt\u00e4peuran mets\u00e4stys vahtimalla Suomen riistakeskuksen my\u00f6nt\u00e4m\u00e4ll\u00e4 luvalla alkaa 1.9.2023.\" \/>\n<meta property=\"og:url\" content=\"https:\/\/www.alavudenmetsastysseura.fi\/?p=1145\" \/>\n<meta property=\"og:site_name\" content=\"Alavuden Mets\u00e4stysseura\" \/>\n<meta property=\"article:published_time\" content=\"2023-08-31T08:26:20+00:00\" \/>\n<meta property=\"article:modified_time\" content=\"2023-08-31T08:27:44+00:00\" \/>\n<meta name=\"author\" content=\"Mauri Rapo\" \/>\n<meta name=\"twitter:card\" content=\"summary_large_image\" \/>\n<meta name=\"twitter:label1\" content=\"Kirjoittanut\" \/>\n\t<meta name=\"twitter:data1\" content=\"Mauri Rapo\" \/>\n\t<meta name=\"twitter:label2\" content=\"Arvioitu lukuaika\" \/>\n\t<meta name=\"twitter:data2\" content=\"1 minuutti\" \/>\n<script type=\"application\/ld+json\" class=\"yoast-schema-graph\">{\"@context\":\"https:\/\/schema.org\",\"@graph\":[{\"@type\":\"Article\",\"@id\":\"https:\/\/www.alavudenmetsastysseura.fi\/?p=1145#article\",\"isPartOf\":{\"@id\":\"https:\/\/www.alavudenmetsastysseura.fi\/?p=1145\"},\"author\":{\"name\":\"Mauri Rapo\",\"@id\":\"https:\/\/www.alavudenmetsastysseura.fi\/#\/schema\/person\/8787987f499d877cb588c40939a03af0\"},\"headline\":\"Mets\u00e4stys 1.9.2023\",\"datePublished\":\"2023-08-31T08:26:20+00:00\",\"dateModified\":\"2023-08-31T08:27:44+00:00\",\"mainEntityOfPage\":{\"@id\":\"https:\/\/www.alavudenmetsastysseura.fi\/?p=1145\"},\"wordCount\":45,\"inLanguage\":\"fi\"},{\"@type\":\"WebPage\",\"@id\":\"https:\/\/www.alavudenmetsastysseura.fi\/?p=1145\",\"url\":\"https:\/\/www.alavudenmetsastysseura.fi\/?p=1145\",\"name\":\"Mets\u00e4stys 1.9.2023 - Alavuden Mets\u00e4stysseura\",\"isPartOf\":{\"@id\":\"https:\/\/www.alavudenmetsastysseura.fi\/#website\"},\"datePublished\":\"2023-08-31T08:26:20+00:00\",\"dateModified\":\"2023-08-31T08:27:44+00:00\",\"author\":{\"@id\":\"https:\/\/www.alavudenmetsastysseura.fi\/#\/schema\/person\/8787987f499d877cb588c40939a03af0\"},\"breadcrumb\":{\"@id\":\"https:\/\/www.alavudenmetsastysseura.fi\/?p=1145#breadcrumb\"},\"inLanguage\":\"fi\",\"potentialAction\":[{\"@type\":\"ReadAction\",\"target\":[\"https:\/\/www.alavudenmetsastysseura.fi\/?p=1145\"]}]},{\"@type\":\"BreadcrumbList\",\"@id\":\"https:\/\/www.alavudenmetsastysseura.fi\/?p=1145#breadcrumb\",\"itemListElement\":[{\"@type\":\"ListItem\",\"position\":1,\"name\":\"Home\",\"item\":\"https:\/\/www.alavudenmetsastysseura.fi\/\"},{\"@type\":\"ListItem\",\"position\":2,\"name\":\"Mets\u00e4stys 1.9.2023\"}]},{\"@type\":\"WebSite\",\"@id\":\"https:\/\/www.alavudenmetsastysseura.fi\/#website\",\"url\":\"https:\/\/www.alavudenmetsastysseura.fi\/\",\"name\":\"Alavuden Mets\u00e4stysseura\",\"description\":\"Riistanhoitoa ja mets\u00e4styst\u00e4 vuodesta 1946\",\"potentialAction\":[{\"@type\":\"SearchAction\",\"target\":{\"@type\":\"EntryPoint\",\"urlTemplate\":\"https:\/\/www.alavudenmetsastysseura.fi\/?s={search_term_string}\"},\"query-input\":{\"@type\":\"PropertyValueSpecification\",\"valueRequired\":true,\"valueName\":\"search_term_string\"}}],\"inLanguage\":\"fi\"},{\"@type\":\"Person\",\"@id\":\"https:\/\/www.alavudenmetsastysseura.fi\/#\/schema\/person\/8787987f499d877cb588c40939a03af0\",\"name\":\"Mauri Rapo\",\"image\":{\"@type\":\"ImageObject\",\"inLanguage\":\"fi\",\"@id\":\"https:\/\/www.alavudenmetsastysseura.fi\/#\/schema\/person\/image\/\",\"url\":\"https:\/\/secure.gravatar.com\/avatar\/3db71666fb11bf67cc01492784ff18ee4ba19c17424e23797a5f1921727bb5fe?s=96&d=mm&r=g\",\"contentUrl\":\"https:\/\/secure.gravatar.com\/avatar\/3db71666fb11bf67cc01492784ff18ee4ba19c17424e23797a5f1921727bb5fe?s=96&d=mm&r=g\",\"caption\":\"Mauri Rapo\"},\"url\":\"https:\/\/www.alavudenmetsastysseura.fi\/?author=3\"}]}<\/script>\n<!-- \/ Yoast SEO plugin. -->","yoast_head_json":{"title":"Mets\u00e4stys 1.9.2023 - Alavuden Mets\u00e4stysseura","robots":{"index":"index","follow":"follow","max-snippet":"max-snippet:-1","max-image-preview":"max-image-preview:large","max-video-preview":"max-video-preview:-1"},"canonical":"https:\/\/www.alavudenmetsastysseura.fi\/?p=1145","og_locale":"fi_FI","og_type":"article","og_title":"Mets\u00e4stys 1.9.2023 - Alavuden Mets\u00e4stysseura","og_description":"Perjantaina 1.9.2023 alkaa mets\u00e4kauriin mets\u00e4stys vahtimalla. Huomioi, ett\u00e4 mets\u00e4kauriin mets\u00e4stys ajavalla koiralla on sallittu vasta 30.9.2023. My\u00f6s mets\u00e4j\u00e4nikesen ja rusakon mets\u00e4stys alkaa Perjantaina 1.9.2023. Valkoh\u00e4nt\u00e4peuran mets\u00e4stys vahtimalla Suomen riistakeskuksen my\u00f6nt\u00e4m\u00e4ll\u00e4 luvalla alkaa 1.9.2023.","og_url":"https:\/\/www.alavudenmetsastysseura.fi\/?p=1145","og_site_name":"Alavuden Mets\u00e4stysseura","article_published_time":"2023-08-31T08:26:20+00:00","article_modified_time":"2023-08-31T08:27:44+00:00","author":"Mauri Rapo","twitter_card":"summary_large_image","twitter_misc":{"Kirjoittanut":"Mauri Rapo","Arvioitu lukuaika":"1 minuutti"},"schema":{"@context":"https:\/\/schema.org","@graph":[{"@type":"Article","@id":"https:\/\/www.alavudenmetsastysseura.fi\/?p=1145#article","isPartOf":{"@id":"https:\/\/www.alavudenmetsastysseura.fi\/?p=1145"},"author":{"name":"Mauri Rapo","@id":"https:\/\/www.alavudenmetsastysseura.fi\/#\/schema\/person\/8787987f499d877cb588c40939a03af0"},"headline":"Mets\u00e4stys 1.9.2023","datePublished":"2023-08-31T08:26:20+00:00","dateModified":"2023-08-31T08:27:44+00:00","mainEntityOfPage":{"@id":"https:\/\/www.alavudenmetsastysseura.fi\/?p=1145"},"wordCount":45,"inLanguage":"fi"},{"@type":"WebPage","@id":"https:\/\/www.alavudenmetsastysseura.fi\/?p=1145","url":"https:\/\/www.alavudenmetsastysseura.fi\/?p=1145","name":"Mets\u00e4stys 1.9.2023 - Alavuden Mets\u00e4stysseura","isPartOf":{"@id":"https:\/\/www.alavudenmetsastysseura.fi\/#website"},"datePublished":"2023-08-31T08:26:20+00:00","dateModified":"2023-08-31T08:27:44+00:00","author":{"@id":"https:\/\/www.alavudenmetsastysseura.fi\/#\/schema\/person\/8787987f499d877cb588c40939a03af0"},"breadcrumb":{"@id":"https:\/\/www.alavudenmetsastysseura.fi\/?p=1145#breadcrumb"},"inLanguage":"fi","potentialAction":[{"@type":"ReadAction","target":["https:\/\/www.alavudenmetsastysseura.fi\/?p=1145"]}]},{"@type":"BreadcrumbList","@id":"https:\/\/www.alavudenmetsastysseura.fi\/?p=1145#breadcrumb","itemListElement":[{"@type":"ListItem","position":1,"name":"Home","item":"https:\/\/www.alavudenmetsastysseura.fi\/"},{"@type":"ListItem","position":2,"name":"Mets\u00e4stys 1.9.2023"}]},{"@type":"WebSite","@id":"https:\/\/www.alavudenmetsastysseura.fi\/#website","url":"https:\/\/www.alavudenmetsastysseura.fi\/","name":"Alavuden Mets\u00e4stysseura","description":"Riistanhoitoa ja mets\u00e4styst\u00e4 vuodesta 1946","potentialAction":[{"@type":"SearchAction","target":{"@type":"EntryPoint","urlTemplate":"https:\/\/www.alavudenmetsastysseura.fi\/?s={search_term_string}"},"query-input":{"@type":"PropertyValueSpecification","valueRequired":true,"valueName":"search_term_string"}}],"inLanguage":"fi"},{"@type":"Person","@id":"https:\/\/www.alavudenmetsastysseura.fi\/#\/schema\/person\/8787987f499d877cb588c40939a03af0","name":"Mauri Rapo","image":{"@type":"ImageObject","inLanguage":"fi","@id":"https:\/\/www.alavudenmetsastysseura.fi\/#\/schema\/person\/image\/","url":"https:\/\/secure.gravatar.com\/avatar\/3db71666fb11bf67cc01492784ff18ee4ba19c17424e23797a5f1921727bb5fe?s=96&d=mm&r=g","contentUrl":"https:\/\/secure.gravatar.com\/avatar\/3db71666fb11bf67cc01492784ff18ee4ba19c17424e23797a5f1921727bb5fe?s=96&d=mm&r=g","caption":"Mauri Rapo"},"url":"https:\/\/www.alavudenmetsastysseura.fi\/?author=3"}]}},"_links":{"self":[{"href":"https:\/\/www.alavudenmetsastysseura.fi\/index.php?rest_route=\/wp\/v2\/posts\/1145","targetHints":{"allow":["GET"]}}],"collection":[{"href":"https:\/\/www.alavudenmetsastysseura.fi\/index.php?rest_route=\/wp\/v2\/posts"}],"about":[{"href":"https:\/\/www.alavudenmetsastysseura.fi\/index.php?rest_route=\/wp\/v2\/types\/post"}],"author":[{"embeddable":true,"href":"https:\/\/www.alavudenmetsastysseura.fi\/index.php?rest_route=\/wp\/v2\/users\/3"}],"replies":[{"embeddable":true,"href":"https:\/\/www.alavudenmetsastysseura.fi\/index.php?rest_route=%2Fwp%2Fv2%2Fcomments&post=1145"}],"version-history":[{"count":2,"href":"https:\/\/www.alavudenmetsastysseura.fi\/index.php?rest_route=\/wp\/v2\/posts\/1145\/revisions"}],"predecessor-version":[{"id":1147,"href":"https:\/\/www.alavudenmetsastysseura.fi\/index.php?rest_route=\/wp\/v2\/posts\/1145\/revisions\/1147"}],"wp:attachment":[{"href":"https:\/\/www.alavudenmetsastysseura.fi\/index.php?rest_route=%2Fwp%2Fv2%2Fmedia&parent=1145"}],"wp:term":[{"taxonomy":"category","embeddable":true,"href":"https:\/\/www.alavudenmetsastysseura.fi\/index.php?rest_route=%2Fwp%2Fv2%2Fcategories&post=1145"},{"taxonomy":"post_tag","embeddable":true,"href":"https:\/\/www.alavudenmetsastysseura.fi\/index.php?rest_route=%2Fwp%2Fv2%2Ftags&post=1145"}],"curies":[{"name":"wp","href":"https:\/\/api.w.org\/{rel}","templated":true}]}}