{"id":1043,"date":"2023-05-01T08:36:26","date_gmt":"2023-05-01T05:36:26","guid":{"rendered":"https:\/\/www.alavudenmetsastysseura.fi\/?p=1043"},"modified":"2023-05-01T08:36:26","modified_gmt":"2023-05-01T05:36:26","slug":"soinin-luonto-ja-eramessut-10-6-2023","status":"publish","type":"post","link":"https:\/\/www.alavudenmetsastysseura.fi\/?p=1043","title":{"rendered":"SOININ LUONTO- JA ER\u00c4MESSUT 10.6.2023!"},"content":{"rendered":"\n<figure class=\"wp-block-image size-full\"><img loading=\"lazy\" decoding=\"async\" width=\"1004\" height=\"566\" src=\"https:\/\/www.alavudenmetsastysseura.fi\/wp-content\/uploads\/2023\/05\/image.png\" alt=\"\" class=\"wp-image-1044\" srcset=\"https:\/\/www.alavudenmetsastysseura.fi\/wp-content\/uploads\/2023\/05\/image.png 1004w, https:\/\/www.alavudenmetsastysseura.fi\/wp-content\/uploads\/2023\/05\/image-300x169.png 300w, https:\/\/www.alavudenmetsastysseura.fi\/wp-content\/uploads\/2023\/05\/image-768x433.png 768w\" sizes=\"auto, (max-width: 767px) 89vw, (max-width: 1000px) 54vw, (max-width: 1071px) 543px, 580px\" \/><\/figure>\n\n\n\n<p>Soinin luonto- ja er\u00e4messut j\u00e4rjestet\u00e4\u00e4n j\u00e4lleen tulevana kes\u00e4n\u00e4, 10.6.2023 Soinissa.<\/p>\n\n\n\n<p>Messut kokoavat yhteen luontoharrastajia l\u00e4hialueelta ja kauempaakin. Kes\u00e4lomakauden alussa on mainio aika suunnitella kes\u00e4n luontoretki\u00e4 ja haaveilla jo syksyn mets\u00e4stysp\u00e4ivist\u00e4. N\u00e4ytteilleasettajissa tulee olemaan mielenkiintoinen kattaus l\u00e4hiseudun palveluja, yrityksi\u00e4 ja yhdistyksi\u00e4. Mets\u00e4stysmatkailu, vastuullinen mets\u00e4stysharrastus, nuoret mets\u00e4st\u00e4j\u00e4t, mets\u00e4styskoirat ja monipuolinen valikoima luonto- ja mets\u00e4stysharrastukseen liittyvi\u00e4 tuotteita on esill\u00e4 tulevilla messuilla.<\/p>\n\n\n\n<p>P\u00e4\u00e4symaksu 5 \u20ac\/hl\u00f6, alle 12-v. veloituksetta.<\/p>\n\n\n\n<p>Tapahtuman omille sivuille p\u00e4\u00e4set t\u00e4st\u00e4:&nbsp;<a href=\"https:\/\/soinintapahtumat.fi\/eramessut\/\">https:\/\/soinintapahtumat.fi\/eramessut\/<\/a><\/p>\n","protected":false},"excerpt":{"rendered":"<p>Soinin luonto- ja er\u00e4messut j\u00e4rjestet\u00e4\u00e4n j\u00e4lleen tulevana kes\u00e4n\u00e4, 10.6.2023 Soinissa. Messut kokoavat yhteen luontoharrastajia l\u00e4hialueelta ja kauempaakin. Kes\u00e4lomakauden alussa on mainio aika suunnitella kes\u00e4n luontoretki\u00e4 ja haaveilla jo syksyn mets\u00e4stysp\u00e4ivist\u00e4. N\u00e4ytteilleasettajissa tulee olemaan mielenkiintoinen kattaus l\u00e4hiseudun palveluja, yrityksi\u00e4 ja yhdistyksi\u00e4. Mets\u00e4stysmatkailu, vastuullinen mets\u00e4stysharrastus, nuoret mets\u00e4st\u00e4j\u00e4t, mets\u00e4styskoirat ja monipuolinen valikoima luonto- ja mets\u00e4stysharrastukseen liittyvi\u00e4 tuotteita on &hellip; <\/p>\n<p class=\"link-more\"><a href=\"https:\/\/www.alavudenmetsastysseura.fi\/?p=1043\" class=\"more-link\">Jatka lukemista<span class=\"screen-reader-text\"> &#8221;SOININ LUONTO- JA ER\u00c4MESSUT 10.6.2023!&#8221;<\/span><\/a><\/p>\n","protected":false},"author":3,"featured_media":0,"comment_status":"closed","ping_status":"open","sticky":false,"template":"","format":"standard","meta":{"footnotes":""},"categories":[1],"tags":[],"class_list":["post-1043","post","type-post","status-publish","format-standard","hentry","category-yleinen"],"yoast_head":"<!-- This site is optimized with the Yoast SEO plugin v26.9 - https:\/\/yoast.com\/product\/yoast-seo-wordpress\/ -->\n<title>SOININ LUONTO- JA ER\u00c4MESSUT 10.6.2023! - Alavuden Mets\u00e4stysseura<\/title>\n<meta name=\"robots\" content=\"index, follow, max-snippet:-1, max-image-preview:large, max-video-preview:-1\" \/>\n<link rel=\"canonical\" href=\"https:\/\/www.alavudenmetsastysseura.fi\/?p=1043\" \/>\n<meta property=\"og:locale\" content=\"fi_FI\" \/>\n<meta property=\"og:type\" content=\"article\" \/>\n<meta property=\"og:title\" content=\"SOININ LUONTO- JA ER\u00c4MESSUT 10.6.2023! - Alavuden Mets\u00e4stysseura\" \/>\n<meta property=\"og:description\" content=\"Soinin luonto- ja er\u00e4messut j\u00e4rjestet\u00e4\u00e4n j\u00e4lleen tulevana kes\u00e4n\u00e4, 10.6.2023 Soinissa. Messut kokoavat yhteen luontoharrastajia l\u00e4hialueelta ja kauempaakin. Kes\u00e4lomakauden alussa on mainio aika suunnitella kes\u00e4n luontoretki\u00e4 ja haaveilla jo syksyn mets\u00e4stysp\u00e4ivist\u00e4. N\u00e4ytteilleasettajissa tulee olemaan mielenkiintoinen kattaus l\u00e4hiseudun palveluja, yrityksi\u00e4 ja yhdistyksi\u00e4. Mets\u00e4stysmatkailu, vastuullinen mets\u00e4stysharrastus, nuoret mets\u00e4st\u00e4j\u00e4t, mets\u00e4styskoirat ja monipuolinen valikoima luonto- ja mets\u00e4stysharrastukseen liittyvi\u00e4 tuotteita on &hellip; Jatka lukemista &quot;SOININ LUONTO- JA ER\u00c4MESSUT 10.6.2023!&quot;\" \/>\n<meta property=\"og:url\" content=\"https:\/\/www.alavudenmetsastysseura.fi\/?p=1043\" \/>\n<meta property=\"og:site_name\" content=\"Alavuden Mets\u00e4stysseura\" \/>\n<meta property=\"article:published_time\" content=\"2023-05-01T05:36:26+00:00\" \/>\n<meta property=\"og:image\" content=\"https:\/\/www.alavudenmetsastysseura.fi\/wp-content\/uploads\/2023\/05\/image.png\" \/>\n<meta name=\"author\" content=\"Mauri Rapo\" \/>\n<meta name=\"twitter:card\" content=\"summary_large_image\" \/>\n<meta name=\"twitter:label1\" content=\"Kirjoittanut\" \/>\n\t<meta name=\"twitter:data1\" content=\"Mauri Rapo\" \/>\n\t<meta name=\"twitter:label2\" content=\"Arvioitu lukuaika\" \/>\n\t<meta name=\"twitter:data2\" content=\"1 minuutti\" \/>\n<script type=\"application\/ld+json\" class=\"yoast-schema-graph\">{\"@context\":\"https:\/\/schema.org\",\"@graph\":[{\"@type\":\"Article\",\"@id\":\"https:\/\/www.alavudenmetsastysseura.fi\/?p=1043#article\",\"isPartOf\":{\"@id\":\"https:\/\/www.alavudenmetsastysseura.fi\/?p=1043\"},\"author\":{\"name\":\"Mauri Rapo\",\"@id\":\"https:\/\/www.alavudenmetsastysseura.fi\/#\/schema\/person\/8787987f499d877cb588c40939a03af0\"},\"headline\":\"SOININ LUONTO- JA ER\u00c4MESSUT 10.6.2023!\",\"datePublished\":\"2023-05-01T05:36:26+00:00\",\"mainEntityOfPage\":{\"@id\":\"https:\/\/www.alavudenmetsastysseura.fi\/?p=1043\"},\"wordCount\":99,\"image\":{\"@id\":\"https:\/\/www.alavudenmetsastysseura.fi\/?p=1043#primaryimage\"},\"thumbnailUrl\":\"https:\/\/www.alavudenmetsastysseura.fi\/wp-content\/uploads\/2023\/05\/image.png\",\"inLanguage\":\"fi\"},{\"@type\":\"WebPage\",\"@id\":\"https:\/\/www.alavudenmetsastysseura.fi\/?p=1043\",\"url\":\"https:\/\/www.alavudenmetsastysseura.fi\/?p=1043\",\"name\":\"SOININ LUONTO- JA ER\u00c4MESSUT 10.6.2023! - Alavuden Mets\u00e4stysseura\",\"isPartOf\":{\"@id\":\"https:\/\/www.alavudenmetsastysseura.fi\/#website\"},\"primaryImageOfPage\":{\"@id\":\"https:\/\/www.alavudenmetsastysseura.fi\/?p=1043#primaryimage\"},\"image\":{\"@id\":\"https:\/\/www.alavudenmetsastysseura.fi\/?p=1043#primaryimage\"},\"thumbnailUrl\":\"https:\/\/www.alavudenmetsastysseura.fi\/wp-content\/uploads\/2023\/05\/image.png\",\"datePublished\":\"2023-05-01T05:36:26+00:00\",\"author\":{\"@id\":\"https:\/\/www.alavudenmetsastysseura.fi\/#\/schema\/person\/8787987f499d877cb588c40939a03af0\"},\"breadcrumb\":{\"@id\":\"https:\/\/www.alavudenmetsastysseura.fi\/?p=1043#breadcrumb\"},\"inLanguage\":\"fi\",\"potentialAction\":[{\"@type\":\"ReadAction\",\"target\":[\"https:\/\/www.alavudenmetsastysseura.fi\/?p=1043\"]}]},{\"@type\":\"ImageObject\",\"inLanguage\":\"fi\",\"@id\":\"https:\/\/www.alavudenmetsastysseura.fi\/?p=1043#primaryimage\",\"url\":\"https:\/\/www.alavudenmetsastysseura.fi\/wp-content\/uploads\/2023\/05\/image.png\",\"contentUrl\":\"https:\/\/www.alavudenmetsastysseura.fi\/wp-content\/uploads\/2023\/05\/image.png\",\"width\":1004,\"height\":566},{\"@type\":\"BreadcrumbList\",\"@id\":\"https:\/\/www.alavudenmetsastysseura.fi\/?p=1043#breadcrumb\",\"itemListElement\":[{\"@type\":\"ListItem\",\"position\":1,\"name\":\"Home\",\"item\":\"https:\/\/www.alavudenmetsastysseura.fi\/\"},{\"@type\":\"ListItem\",\"position\":2,\"name\":\"SOININ LUONTO- JA ER\u00c4MESSUT 10.6.2023!\"}]},{\"@type\":\"WebSite\",\"@id\":\"https:\/\/www.alavudenmetsastysseura.fi\/#website\",\"url\":\"https:\/\/www.alavudenmetsastysseura.fi\/\",\"name\":\"Alavuden Mets\u00e4stysseura\",\"description\":\"Riistanhoitoa ja mets\u00e4styst\u00e4 vuodesta 1946\",\"potentialAction\":[{\"@type\":\"SearchAction\",\"target\":{\"@type\":\"EntryPoint\",\"urlTemplate\":\"https:\/\/www.alavudenmetsastysseura.fi\/?s={search_term_string}\"},\"query-input\":{\"@type\":\"PropertyValueSpecification\",\"valueRequired\":true,\"valueName\":\"search_term_string\"}}],\"inLanguage\":\"fi\"},{\"@type\":\"Person\",\"@id\":\"https:\/\/www.alavudenmetsastysseura.fi\/#\/schema\/person\/8787987f499d877cb588c40939a03af0\",\"name\":\"Mauri Rapo\",\"image\":{\"@type\":\"ImageObject\",\"inLanguage\":\"fi\",\"@id\":\"https:\/\/www.alavudenmetsastysseura.fi\/#\/schema\/person\/image\/\",\"url\":\"https:\/\/secure.gravatar.com\/avatar\/3db71666fb11bf67cc01492784ff18ee4ba19c17424e23797a5f1921727bb5fe?s=96&d=mm&r=g\",\"contentUrl\":\"https:\/\/secure.gravatar.com\/avatar\/3db71666fb11bf67cc01492784ff18ee4ba19c17424e23797a5f1921727bb5fe?s=96&d=mm&r=g\",\"caption\":\"Mauri Rapo\"},\"url\":\"https:\/\/www.alavudenmetsastysseura.fi\/?author=3\"}]}<\/script>\n<!-- \/ Yoast SEO plugin. -->","yoast_head_json":{"title":"SOININ LUONTO- JA ER\u00c4MESSUT 10.6.2023! - Alavuden Mets\u00e4stysseura","robots":{"index":"index","follow":"follow","max-snippet":"max-snippet:-1","max-image-preview":"max-image-preview:large","max-video-preview":"max-video-preview:-1"},"canonical":"https:\/\/www.alavudenmetsastysseura.fi\/?p=1043","og_locale":"fi_FI","og_type":"article","og_title":"SOININ LUONTO- JA ER\u00c4MESSUT 10.6.2023! - Alavuden Mets\u00e4stysseura","og_description":"Soinin luonto- ja er\u00e4messut j\u00e4rjestet\u00e4\u00e4n j\u00e4lleen tulevana kes\u00e4n\u00e4, 10.6.2023 Soinissa. Messut kokoavat yhteen luontoharrastajia l\u00e4hialueelta ja kauempaakin. Kes\u00e4lomakauden alussa on mainio aika suunnitella kes\u00e4n luontoretki\u00e4 ja haaveilla jo syksyn mets\u00e4stysp\u00e4ivist\u00e4. N\u00e4ytteilleasettajissa tulee olemaan mielenkiintoinen kattaus l\u00e4hiseudun palveluja, yrityksi\u00e4 ja yhdistyksi\u00e4. Mets\u00e4stysmatkailu, vastuullinen mets\u00e4stysharrastus, nuoret mets\u00e4st\u00e4j\u00e4t, mets\u00e4styskoirat ja monipuolinen valikoima luonto- ja mets\u00e4stysharrastukseen liittyvi\u00e4 tuotteita on &hellip; Jatka lukemista \"SOININ LUONTO- JA ER\u00c4MESSUT 10.6.2023!\"","og_url":"https:\/\/www.alavudenmetsastysseura.fi\/?p=1043","og_site_name":"Alavuden Mets\u00e4stysseura","article_published_time":"2023-05-01T05:36:26+00:00","og_image":[{"url":"https:\/\/www.alavudenmetsastysseura.fi\/wp-content\/uploads\/2023\/05\/image.png","type":"","width":"","height":""}],"author":"Mauri Rapo","twitter_card":"summary_large_image","twitter_misc":{"Kirjoittanut":"Mauri Rapo","Arvioitu lukuaika":"1 minuutti"},"schema":{"@context":"https:\/\/schema.org","@graph":[{"@type":"Article","@id":"https:\/\/www.alavudenmetsastysseura.fi\/?p=1043#article","isPartOf":{"@id":"https:\/\/www.alavudenmetsastysseura.fi\/?p=1043"},"author":{"name":"Mauri Rapo","@id":"https:\/\/www.alavudenmetsastysseura.fi\/#\/schema\/person\/8787987f499d877cb588c40939a03af0"},"headline":"SOININ LUONTO- JA ER\u00c4MESSUT 10.6.2023!","datePublished":"2023-05-01T05:36:26+00:00","mainEntityOfPage":{"@id":"https:\/\/www.alavudenmetsastysseura.fi\/?p=1043"},"wordCount":99,"image":{"@id":"https:\/\/www.alavudenmetsastysseura.fi\/?p=1043#primaryimage"},"thumbnailUrl":"https:\/\/www.alavudenmetsastysseura.fi\/wp-content\/uploads\/2023\/05\/image.png","inLanguage":"fi"},{"@type":"WebPage","@id":"https:\/\/www.alavudenmetsastysseura.fi\/?p=1043","url":"https:\/\/www.alavudenmetsastysseura.fi\/?p=1043","name":"SOININ LUONTO- JA ER\u00c4MESSUT 10.6.2023! - Alavuden Mets\u00e4stysseura","isPartOf":{"@id":"https:\/\/www.alavudenmetsastysseura.fi\/#website"},"primaryImageOfPage":{"@id":"https:\/\/www.alavudenmetsastysseura.fi\/?p=1043#primaryimage"},"image":{"@id":"https:\/\/www.alavudenmetsastysseura.fi\/?p=1043#primaryimage"},"thumbnailUrl":"https:\/\/www.alavudenmetsastysseura.fi\/wp-content\/uploads\/2023\/05\/image.png","datePublished":"2023-05-01T05:36:26+00:00","author":{"@id":"https:\/\/www.alavudenmetsastysseura.fi\/#\/schema\/person\/8787987f499d877cb588c40939a03af0"},"breadcrumb":{"@id":"https:\/\/www.alavudenmetsastysseura.fi\/?p=1043#breadcrumb"},"inLanguage":"fi","potentialAction":[{"@type":"ReadAction","target":["https:\/\/www.alavudenmetsastysseura.fi\/?p=1043"]}]},{"@type":"ImageObject","inLanguage":"fi","@id":"https:\/\/www.alavudenmetsastysseura.fi\/?p=1043#primaryimage","url":"https:\/\/www.alavudenmetsastysseura.fi\/wp-content\/uploads\/2023\/05\/image.png","contentUrl":"https:\/\/www.alavudenmetsastysseura.fi\/wp-content\/uploads\/2023\/05\/image.png","width":1004,"height":566},{"@type":"BreadcrumbList","@id":"https:\/\/www.alavudenmetsastysseura.fi\/?p=1043#breadcrumb","itemListElement":[{"@type":"ListItem","position":1,"name":"Home","item":"https:\/\/www.alavudenmetsastysseura.fi\/"},{"@type":"ListItem","position":2,"name":"SOININ LUONTO- JA ER\u00c4MESSUT 10.6.2023!"}]},{"@type":"WebSite","@id":"https:\/\/www.alavudenmetsastysseura.fi\/#website","url":"https:\/\/www.alavudenmetsastysseura.fi\/","name":"Alavuden Mets\u00e4stysseura","description":"Riistanhoitoa ja mets\u00e4styst\u00e4 vuodesta 1946","potentialAction":[{"@type":"SearchAction","target":{"@type":"EntryPoint","urlTemplate":"https:\/\/www.alavudenmetsastysseura.fi\/?s={search_term_string}"},"query-input":{"@type":"PropertyValueSpecification","valueRequired":true,"valueName":"search_term_string"}}],"inLanguage":"fi"},{"@type":"Person","@id":"https:\/\/www.alavudenmetsastysseura.fi\/#\/schema\/person\/8787987f499d877cb588c40939a03af0","name":"Mauri Rapo","image":{"@type":"ImageObject","inLanguage":"fi","@id":"https:\/\/www.alavudenmetsastysseura.fi\/#\/schema\/person\/image\/","url":"https:\/\/secure.gravatar.com\/avatar\/3db71666fb11bf67cc01492784ff18ee4ba19c17424e23797a5f1921727bb5fe?s=96&d=mm&r=g","contentUrl":"https:\/\/secure.gravatar.com\/avatar\/3db71666fb11bf67cc01492784ff18ee4ba19c17424e23797a5f1921727bb5fe?s=96&d=mm&r=g","caption":"Mauri Rapo"},"url":"https:\/\/www.alavudenmetsastysseura.fi\/?author=3"}]}},"_links":{"self":[{"href":"https:\/\/www.alavudenmetsastysseura.fi\/index.php?rest_route=\/wp\/v2\/posts\/1043","targetHints":{"allow":["GET"]}}],"collection":[{"href":"https:\/\/www.alavudenmetsastysseura.fi\/index.php?rest_route=\/wp\/v2\/posts"}],"about":[{"href":"https:\/\/www.alavudenmetsastysseura.fi\/index.php?rest_route=\/wp\/v2\/types\/post"}],"author":[{"embeddable":true,"href":"https:\/\/www.alavudenmetsastysseura.fi\/index.php?rest_route=\/wp\/v2\/users\/3"}],"replies":[{"embeddable":true,"href":"https:\/\/www.alavudenmetsastysseura.fi\/index.php?rest_route=%2Fwp%2Fv2%2Fcomments&post=1043"}],"version-history":[{"count":1,"href":"https:\/\/www.alavudenmetsastysseura.fi\/index.php?rest_route=\/wp\/v2\/posts\/1043\/revisions"}],"predecessor-version":[{"id":1045,"href":"https:\/\/www.alavudenmetsastysseura.fi\/index.php?rest_route=\/wp\/v2\/posts\/1043\/revisions\/1045"}],"wp:attachment":[{"href":"https:\/\/www.alavudenmetsastysseura.fi\/index.php?rest_route=%2Fwp%2Fv2%2Fmedia&parent=1043"}],"wp:term":[{"taxonomy":"category","embeddable":true,"href":"https:\/\/www.alavudenmetsastysseura.fi\/index.php?rest_route=%2Fwp%2Fv2%2Fcategories&post=1043"},{"taxonomy":"post_tag","embeddable":true,"href":"https:\/\/www.alavudenmetsastysseura.fi\/index.php?rest_route=%2Fwp%2Fv2%2Ftags&post=1043"}],"curies":[{"name":"wp","href":"https:\/\/api.w.org\/{rel}","templated":true}]}}